{"id":59594,"date":"2018-08-02T22:48:17","date_gmt":"2018-08-03T01:48:17","guid":{"rendered":"http:\/\/caririemacao.com\/1\/?p=59594"},"modified":"2018-08-02T22:48:17","modified_gmt":"2018-08-03T01:48:17","slug":"cronograma-de-atividades-esportivas-para-o-semestre-e-divulgado-em-monteiro","status":"publish","type":"post","link":"https:\/\/www.caririemacao.com\/1\/2018\/08\/02\/cronograma-de-atividades-esportivas-para-o-semestre-e-divulgado-em-monteiro\/","title":{"rendered":"CRONOGRAMA DE ATIVIDADES ESPORTIVAS PARA O SEMESTRE \u00c9 DIVULGADO EM MONTEIRO"},"content":{"rendered":"<p>Com um calend\u00e1rio com diversas atividades ligadas aos diversos setores, a Prefeitura de Monteiro tem investido nas atividades e pr\u00e1ticas ligadas ao esporte e lazer da popula\u00e7\u00e3o da cidade e zona rural.<\/p>\n<p>No primeiro semestre foram realizados\u00a0 o Campeonato de Domino 2018, a Copa Dr. Chico de Futebol Veterano (Quarent\u00e3o) com a participa\u00e7\u00e3o de 160 atletas, o Torneio de Buraco envolvendo v\u00e1rias duplas de diversos bairros, Torneio de Sueca envolvendo comunidades da\u00a0 zona rural e a Corrida da Fogueira no m\u00eas de junho que contou com a participa\u00e7\u00e3o de atletas de diversas cidades e estados.<\/p>\n<p>Como forma de aproximar ainda mais a cidade dos eventos a serem realizado, o secret\u00e1rio de esportes, Rostand Chaves e sua equipe, organizou um cronograma de eventos esportivos para os meses que se seguem at\u00e9 o final do ano de 2018. \u201cVamos incentivar ainda mais o esporte, movimentar a popula\u00e7\u00e3o para estimular a pr\u00e1tica das atividades que estamos promovendo. Vamos trabalhar com jogos, torneios e projetos de lazer, assim como, campeonatos, promovendo esporte e qualidade de vida aos monteirenses\u201d, diz o secret\u00e1rio.<\/p>\n<p>Est\u00e3o previstos para acontecer a Final do Campeonato de Domin\u00f3, o Campeonato de V\u00f4lei de Areia e o Torneio de Dama. A secretaria ainda realizar\u00e1 o II Encontro de Aeromodelismo que acontecer\u00e1 no dia 16 de agosto e tem a previs\u00e3o de ser ainda maior que o acontecido em 2017 que teve a participa\u00e7\u00e3o de mais de 100 aeromodelistas das cidades paraibanas de Monteiro, Campina Grande, Serra Branca, Cuit\u00e9, S\u00e3o Sebasti\u00e3o do Umbuzeiro e dos estados de Pernambuco a exemplo de Arcoverde, Serra Talhada, Bezerros, Sert\u00e2nia, Gravat\u00e1, Flores, Pesqueira e Macei\u00f3 (AL), entre outras cidades.<\/p>\n<p>Copa Dr. Chico de Futebol Amador acontecer\u00e1 com a participa\u00e7\u00e3o de mais de 1000 pessoas dentre as 42 equipes de atletas, \u00e1rbitros e dirigentes. \u201cAssim como a primeira edi\u00e7\u00e3o, contaremos com uma massiva participa\u00e7\u00e3o, tanto dos envolvidos na copa quanto de p\u00fablico. O futebol \u00e9 inegavelmente uma paix\u00e3o monteirense que faz deste evento um dos mais esperados do ano\u201d, conta o secret\u00e1rio Rostand.<\/p>\n<p>A 2\u00aa edi\u00e7\u00e3o dos Jogos Escolares Monteirense 2018 (JEM) acontecer\u00e1 de 24 a 28 de setembro, integrando estudantes de todas as escolas do munic\u00edpio englobando o ensino fundamental, m\u00e9dio e t\u00e9cnico.<\/p>\n<p>Ainda dentro da pol\u00edtica de incentivo ao esporte e \u00e0 sa\u00fade, a Secretaria de Esportes promover\u00e1 tamb\u00e9m o apoio ao II Eco Bike a ser promovido nos dias 25 e 26 de agosto &#8211; evento voltado para praticantes e amantes dos passeios de bicicleta, o II Pedala Monteiro \u2013 Kids que \u00e9 uma realiza\u00e7\u00e3o conjunta com a Secretaria de Desenvolvimento Social que acontecer\u00e1 no dia 11 outubro, a V Trilha do Peru em novembro, o Torneio de Tiro Esportivo a ser realizado Dezembro e o Campeonato de Futsal Adulto.<\/p>\n<p>\u201cContamos com toda a popula\u00e7\u00e3o para prestigiar nossos eventos esportivos, pois, todo o investimento que fazemos, visa o bem-estar, sa\u00fade e entretenimento dos Monteirenses. Tudo \u00e9 preparado com muito afinco do planejamento \u00e0 execu\u00e7\u00e3o, sempre com a expectativa de supera\u00e7\u00e3o\u201d, comenta a prefeita Anna Lorena em entrevista.<\/p>\n<p>&nbsp;<\/p>\n<p>Fonte: Ascom\/Foto: Reprodu\u00e7\u00e3o da Internet<\/p>\n<p>Leia mais not\u00edcias em\u00a0<a href=\"http:\/\/www.caririemacao.com\/\">caririemacao.com<\/a>, siga nossa p\u00e1gina no\u00a0<a href=\"https:\/\/www.facebook.com\/CaririEmAcao\/?ref=aymt_homepage_panel\">Facebook<\/a>,\u00a0<a href=\"https:\/\/www.instagram.com\/cariri_em_acao\/?hl=pt-br\">Instagram<\/a>\u00a0e\u00a0<a href=\"https:\/\/www.youtube.com\/channel\/UCAptA0jQuYQy8vMhLt2m4qg\">Youtube<\/a>\u00a0e veja nossas mat\u00e9rias, v\u00eddeos e fotos. Voc\u00ea tamb\u00e9m pode enviar informa\u00e7\u00f5es \u00e0 Reda\u00e7\u00e3o do Portal Cariri em A\u00e7\u00e3o pelo WhatsApp (83) 9 9634.5791, (83) 9 9601-1162.<\/p>\n","protected":false},"excerpt":{"rendered":"<p>Com um calend\u00e1rio com diversas atividades ligadas aos diversos setores, a Prefeitura de Monteiro tem investido nas atividades e pr\u00e1ticas ligadas ao esporte e lazer&hellip; <\/p>\n","protected":false},"author":1,"featured_media":23284,"comment_status":"closed","ping_status":"closed","sticky":false,"template":"","format":"standard","meta":{"sfsi_plus_gutenberg_text_before_share":"","sfsi_plus_gutenberg_show_text_before_share":"","sfsi_plus_gutenberg_icon_type":"","sfsi_plus_gutenberg_icon_alignemt":"","sfsi_plus_gutenburg_max_per_row":"","footnotes":""},"categories":[13],"tags":[],"class_list":["post-59594","post","type-post","status-publish","format-standard","has-post-thumbnail","hentry","category-esportes"],"_links":{"self":[{"href":"https:\/\/www.caririemacao.com\/1\/wp-json\/wp\/v2\/posts\/59594","targetHints":{"allow":["GET"]}}],"collection":[{"href":"https:\/\/www.caririemacao.com\/1\/wp-json\/wp\/v2\/posts"}],"about":[{"href":"https:\/\/www.caririemacao.com\/1\/wp-json\/wp\/v2\/types\/post"}],"author":[{"embeddable":true,"href":"https:\/\/www.caririemacao.com\/1\/wp-json\/wp\/v2\/users\/1"}],"replies":[{"embeddable":true,"href":"https:\/\/www.caririemacao.com\/1\/wp-json\/wp\/v2\/comments?post=59594"}],"version-history":[{"count":1,"href":"https:\/\/www.caririemacao.com\/1\/wp-json\/wp\/v2\/posts\/59594\/revisions"}],"predecessor-version":[{"id":59595,"href":"https:\/\/www.caririemacao.com\/1\/wp-json\/wp\/v2\/posts\/59594\/revisions\/59595"}],"wp:featuredmedia":[{"embeddable":true,"href":"https:\/\/www.caririemacao.com\/1\/wp-json\/wp\/v2\/media\/23284"}],"wp:attachment":[{"href":"https:\/\/www.caririemacao.com\/1\/wp-json\/wp\/v2\/media?parent=59594"}],"wp:term":[{"taxonomy":"category","embeddable":true,"href":"https:\/\/www.caririemacao.com\/1\/wp-json\/wp\/v2\/categories?post=59594"},{"taxonomy":"post_tag","embeddable":true,"href":"https:\/\/www.caririemacao.com\/1\/wp-json\/wp\/v2\/tags?post=59594"}],"curies":[{"name":"wp","href":"https:\/\/api.w.org\/{rel}","templated":true}]}}