{"id":59601,"date":"2018-08-03T06:34:30","date_gmt":"2018-08-03T09:34:30","guid":{"rendered":"http:\/\/caririemacao.com\/1\/?p=59601"},"modified":"2018-08-03T06:34:30","modified_gmt":"2018-08-03T09:34:30","slug":"8-dicas-para-utilizar-as-redes-sociais-de-forma-profisisonal","status":"publish","type":"post","link":"https:\/\/www.caririemacao.com\/1\/2018\/08\/03\/8-dicas-para-utilizar-as-redes-sociais-de-forma-profisisonal\/","title":{"rendered":"8 dicas para utilizar as redes sociais de forma profisisonal"},"content":{"rendered":"<p><span class=\"news_capital_letter\">M<\/span>uitas pessoas pensam nas redes sociais apenas como uma ferramenta para descontra\u00e7\u00e3o, o que n\u00e3o est\u00e1 errado, desde que tomados os devidos cuidados, contudo, uma boa parcela mais antenada j\u00e1 percebeu que o uso adequado dessas ferramentas de comunica\u00e7\u00e3o.<\/p>\n<div class=\"main-container\">\n<div class=\"bg-white \">\n<div class=\"container-fluid no-padding news-wrapper\">\n<div class=\"col-lg-8 col-md-6 col-sm-12 col-xs-12\">\n<div class=\"news-container\">\n<div class=\"row news-main-text-container\">\n<div class=\"col-lg-12 col-md-12 col-sm-12 col-xs-12\">\n<div class=\"news-main-text\">\n<p>Mas, como saber esse limite? Simples, basta levar em conta que nesse novo mundo online que muitos est\u00e3o descobrindo s\u00e3o necess\u00e1rios muitos cuidados similares aos que tomamos em nosso dia a dia, nos passeios, no trabalho ou em casa. O recomend\u00e1vel para se valorizar \u00e9 dar foco adequado ao que \u00e9 positivo e evitar exposi\u00e7\u00f5es desnecess\u00e1rias.<\/p>\n<p>Para isso preparei algumas dicas para quem quer crescer profissionalmente utilizando as redes sociais, seja ela mais profissional, como o LinkedIn, ou mesmo o Facebook:<\/p>\n<p><span class=\"news_bold\">1. Amplie seus contatos qualificadamente<\/span>\u00a0\u2013\u00e9 interessante ter um amplo grupo de amigos, assim busque amizade online com pessoas que tenha contato e ache interessante profissionalmente. Contudo, se preocupe mais com a qualidade do que com a quantidade, n\u00e3o precisa ir convidando todo mundo que conhece ou que \u00e9 \u2018amigo do amigo\u2019 para ser seu amigo, isso pode n\u00e3o soar bem!<\/p>\n<p><span class=\"news_bold\">2. Valorize suas conquistas profissionais<\/span>\u00a0\u2013mostre a\u00e7\u00f5es que realizou que tiveram sucesso, resultados de projetos que foram interessantes ou titula\u00e7\u00f5es alcan\u00e7adas, contudo, evite se autopromover demasiadamente, pois isso pode soar arrogante. E busque, com permiss\u00e3o pr\u00e9via, marcar as pessoas que estavam envolvidas nos trabalhos, de forma elegante, pois isso aumenta sua visibilidade.<\/p>\n<p><span class=\"news_bold\">3. Publique com intelig\u00eancia<\/span>\u00a0\u2013cada vez mais se multiplicam publica\u00e7\u00f5es vazias, assim busque se diferencias com publica\u00e7\u00f5es pertinentes. Evite postes irrelevantes que possam atrapalhar sua imagem. Busque levantar assuntos relacionados ao seu campo de atua\u00e7\u00e3o.<\/p>\n<p><span class=\"news_bold\">4. Evite debates in\u00fateis<\/span>\u00a0\u2013nas redes sociais existem momentos tensos, de debates pol\u00edticos, religiosos e outros similares, contudo, por mais que possa \u2018co\u00e7ar\u2019, evite entrar nesse tipo de conversa. Repare que geralmente essas n\u00e3o levam a lugar nenhum e n\u00e3o terminam bem. Sem contar que voc\u00ea n\u00e3o sabe qual o posicionamento de seus parceiros de neg\u00f3cios.<\/p>\n<p><span class=\"news_bold\">5. Cuidado com as caracter\u00edsticas das redes \u2013<\/span>\u00a0N\u00e3o \u00e9 por que o Linkedin tem um lado mais profissional e o Facebook \u00e9 mais aberta que dever\u00e1 tratar a segunda com maior desleixo, saiba que parceiros e recrutadores tamb\u00e9m entrar\u00e3o nessa rede. Assim, \u00e9 importante que a pessoa tome cuidado em n\u00e3o colocar coisas irrelevantes em cada um deles.<\/p>\n<p><span class=\"news_bold\">6. Pense antes de curtir uma publica\u00e7\u00e3o ou p\u00e1gina \u2013<\/span>\u00a0Antes de curtir e compartilhar um texto, leia atentamente para ver se n\u00e3o nada nas entrelinhas. E se for curtir uma p\u00e1gina ou participar de uma comunidade, pesquise antes, evite as que que incitem o \u00f3dio ou o preconceito<\/p>\n<p><span class=\"news_bold\">7. Antes de escrever algo pense \u2013<\/span>Analise os pontos positivos e negativos de uma postagem. Sei que parece chato, e tira um pouco a gra\u00e7a dessas redes, mas essa \u00e9 a \u00fanica forma de garantir que o postado nas redes sociais n\u00e3o interferir\u00e1 no lado profissional. As pessoas hoje tem acesso ao que voc\u00ea faz 24 horas. Por isso, preserve sua imagem. Lembrando que ser feliz n\u00e3o o que se est\u00e1 na rede mundial.<\/p>\n<p><span class=\"news_bold\">8. Evite situa\u00e7\u00f5es n\u00e3o profissionais \u2013<\/span>multiplicam-se as fotos de baladas, roupas de banho e bebedeiras nas redes, ser\u00e1 que \u00e9 interessante. N\u00e3o cabe a ningu\u00e9m julgar o estilo de vida das pessoas, mas se expor de forma inadequada trar\u00e1 consequ\u00eancias negativas para imagem de um profissional. Todos est\u00e3o expostos a avalia\u00e7\u00f5es, por isso pode ter certeza que isso contar\u00e1 na hora que olharem, e n\u00e3o adianta bloquear o acesso das pessoas as suas fotos nas redes sociais e achar com isso que est\u00e1 segura, ledo engano, pois outras pessoas poder\u00e3o compartilhar a mesma foto, e assim de nada adiantou essa preocupa\u00e7\u00e3o.<\/p>\n<\/div>\n<p>&nbsp;<\/p>\n<p>Cariri em A\u00e7\u00e3o<br \/>\nLeia mais not\u00edcias em\u00a0<a href=\"http:\/\/www.caririemacao.com\/\">caririemacao.com<\/a>, siga nossa p\u00e1gina no\u00a0<a href=\"https:\/\/www.facebook.com\/CaririEmAcao\/?ref=aymt_homepage_panel\">Facebook<\/a>,\u00a0<a href=\"https:\/\/www.instagram.com\/cariri_em_acao\/?hl=pt-br\">Instagram<\/a>\u00a0e\u00a0<a href=\"https:\/\/www.youtube.com\/channel\/UCAptA0jQuYQy8vMhLt2m4qg\">Youtube<\/a>\u00a0e veja nossas mat\u00e9rias, v\u00eddeos e fotos. Voc\u00ea tamb\u00e9m pode enviar informa\u00e7\u00f5es \u00e0 Reda\u00e7\u00e3o do Portal Cariri em A\u00e7\u00e3o pelo WhatsApp (83) 9 9634.5791, (83) 9 9601-1162.<\/p>\n<\/div>\n<\/div>\n<\/div>\n<\/div>\n<\/div>\n<\/div>\n<\/div>\n","protected":false},"excerpt":{"rendered":"<p>Muitas pessoas pensam nas redes sociais apenas como uma ferramenta para descontra\u00e7\u00e3o, o que n\u00e3o est\u00e1 errado, desde que tomados os devidos cuidados, contudo, uma&hellip; <\/p>\n","protected":false},"author":1,"featured_media":55321,"comment_status":"closed","ping_status":"closed","sticky":false,"template":"","format":"standard","meta":{"sfsi_plus_gutenberg_text_before_share":"","sfsi_plus_gutenberg_show_text_before_share":"","sfsi_plus_gutenberg_icon_type":"","sfsi_plus_gutenberg_icon_alignemt":"","sfsi_plus_gutenburg_max_per_row":"","footnotes":""},"categories":[2],"tags":[],"class_list":["post-59601","post","type-post","status-publish","format-standard","has-post-thumbnail","hentry","category-geral"],"_links":{"self":[{"href":"https:\/\/www.caririemacao.com\/1\/wp-json\/wp\/v2\/posts\/59601","targetHints":{"allow":["GET"]}}],"collection":[{"href":"https:\/\/www.caririemacao.com\/1\/wp-json\/wp\/v2\/posts"}],"about":[{"href":"https:\/\/www.caririemacao.com\/1\/wp-json\/wp\/v2\/types\/post"}],"author":[{"embeddable":true,"href":"https:\/\/www.caririemacao.com\/1\/wp-json\/wp\/v2\/users\/1"}],"replies":[{"embeddable":true,"href":"https:\/\/www.caririemacao.com\/1\/wp-json\/wp\/v2\/comments?post=59601"}],"version-history":[{"count":1,"href":"https:\/\/www.caririemacao.com\/1\/wp-json\/wp\/v2\/posts\/59601\/revisions"}],"predecessor-version":[{"id":59602,"href":"https:\/\/www.caririemacao.com\/1\/wp-json\/wp\/v2\/posts\/59601\/revisions\/59602"}],"wp:featuredmedia":[{"embeddable":true,"href":"https:\/\/www.caririemacao.com\/1\/wp-json\/wp\/v2\/media\/55321"}],"wp:attachment":[{"href":"https:\/\/www.caririemacao.com\/1\/wp-json\/wp\/v2\/media?parent=59601"}],"wp:term":[{"taxonomy":"category","embeddable":true,"href":"https:\/\/www.caririemacao.com\/1\/wp-json\/wp\/v2\/categories?post=59601"},{"taxonomy":"post_tag","embeddable":true,"href":"https:\/\/www.caririemacao.com\/1\/wp-json\/wp\/v2\/tags?post=59601"}],"curies":[{"name":"wp","href":"https:\/\/api.w.org\/{rel}","templated":true}]}}