{"id":59603,"date":"2018-08-03T06:42:05","date_gmt":"2018-08-03T09:42:05","guid":{"rendered":"http:\/\/caririemacao.com\/1\/?p=59603"},"modified":"2018-08-03T06:43:16","modified_gmt":"2018-08-03T09:43:16","slug":"geraldo-alckmin-diz-que-avalia-extinguir-ministerio-do-trabalho-se-for-eleito","status":"publish","type":"post","link":"https:\/\/www.caririemacao.com\/1\/2018\/08\/03\/geraldo-alckmin-diz-que-avalia-extinguir-ministerio-do-trabalho-se-for-eleito\/","title":{"rendered":"Geraldo Alckmin diz que avalia extinguir Minist\u00e9rio do Trabalho se for eleito"},"content":{"rendered":"<div class=\"mc-column content-text active-extra-styles active-capital-letter\" data-block-type=\"unstyled\" data-block-weight=\"25\" data-block-id=\"2\">\n<p class=\"content-text__container theme-color-primary-first-letter\" data-track-category=\"Link no Texto\" data-track-links=\"\">O candidato do PSDB \u00e0 Presid\u00eancia da Rep\u00fablica,\u00a0Geraldo Alckmin, afirmou nesta quinta-feira (2) que avalia a extin\u00e7\u00e3o do\u00a0Minist\u00e9rio do Trabalho\u00a0caso seja eleito.<\/p>\n<\/div>\n<div class=\"wall\">\n<div class=\"mc-column content-text active-extra-styles \" data-block-type=\"unstyled\" data-block-weight=\"51\" data-block-id=\"4\">\n<p class=\"content-text__container \" data-track-category=\"Link no Texto\" data-track-links=\"\">Alckmin defendeu a nova lei trabalhista e n\u00e3o detalhou se algum \u00f3rg\u00e3o herdar\u00e1 as atividades da pasta. Segundo o site oficial do governo, cabe ao minist\u00e9rio, por exemplo, definir e gerir as pol\u00edticas de gera\u00e7\u00e3o de emprego e de moderniza\u00e7\u00e3o das rela\u00e7\u00f5es de trabalho, al\u00e9m da fiscaliza\u00e7\u00e3o e da pol\u00edtica salarial.<\/p>\n<\/div>\n<div class=\"mc-column content-text active-extra-styles \" data-block-type=\"unstyled\" data-block-weight=\"34\" data-block-id=\"5\">\n<p class=\"content-text__container \" data-track-category=\"Link no Texto\" data-track-links=\"\">&#8220;Imposto sindical \u00e9 absurdo. [&#8230;] O Brasil tem 17 mil sindicatos, [dos quais] 11,5 mil sindicatos de trabalhadores e 5,7 mil sindicatos patronais. [O imposto sindical] n\u00e3o voltar\u00e1, n\u00f3s somos contra&#8221;, afirmou o candidato.<\/p>\n<\/div>\n<div class=\"mc-column content-text active-extra-styles \" data-block-type=\"unstyled\" data-block-weight=\"63\" data-block-id=\"6\">\n<p class=\"content-text__container \" data-track-category=\"Link no Texto\" data-track-links=\"\">&#8220;A\u00ed que foi que eu entrei em extinguir o Minist\u00e9rio do Trabalho, que \u00e9 uma ideia que n\u00f3s estamos amadurecendo. Um governo deve sair o m\u00e1ximo que ele puder. Esse \u00e9 um assunto dos trabalhadores [a manuten\u00e7\u00e3o dos sindicatos]. Como fazerem o seu sindicato, a sua representa\u00e7\u00e3o poder ter meios de subsist\u00eancia? \u00c9 um assunto deles, dos trabalhadores, eles que v\u00e3o decidir&#8221;, completou.<\/p>\n<\/div>\n<div class=\"mc-column content-text active-extra-styles \" data-block-type=\"unstyled\" data-block-weight=\"17\" data-block-id=\"7\">\n<p class=\"content-text__container \" data-track-category=\"Link no Texto\" data-track-links=\"\">Antes da nova lei trabalhista, que entrou em vigor\u00a0no ano passado, o imposto sindical era obrigat\u00f3rio.<\/p>\n<\/div>\n<div class=\"mc-column content-text active-extra-styles \" data-block-type=\"unstyled\" data-block-weight=\"31\" data-block-id=\"8\">\n<p class=\"content-text__container \" data-track-category=\"Link no Texto\" data-track-links=\"\">Mas, com a reforma aprovada pelo Congresso Nacional em 2017, essa regra caiu. Em junho deste ano, o Supremo Tribunal Federal (STF) analisou o tema e rejeitou a volta da obrigatoriedade.<\/p>\n<\/div>\n<p data-track-category=\"Link no Texto\" data-track-links=\"\">Cariri em A\u00e7\u00e3o\/Foto: Reprodu\u00e7\u00e3o<\/p>\n<p data-track-category=\"Link no Texto\" data-track-links=\"\">Leia mais not\u00edcias em\u00a0<a href=\"http:\/\/www.caririemacao.com\/\">caririemacao.com<\/a>, siga nossa p\u00e1gina no\u00a0<a href=\"https:\/\/www.facebook.com\/CaririEmAcao\/?ref=aymt_homepage_panel\">Facebook<\/a>,\u00a0<a href=\"https:\/\/www.instagram.com\/cariri_em_acao\/?hl=pt-br\">Instagram<\/a>\u00a0e\u00a0<a href=\"https:\/\/www.youtube.com\/channel\/UCAptA0jQuYQy8vMhLt2m4qg\">Youtube<\/a>\u00a0e veja nossas mat\u00e9rias, v\u00eddeos e fotos. Voc\u00ea tamb\u00e9m pode enviar informa\u00e7\u00f5es \u00e0 Reda\u00e7\u00e3o do Portal Cariri em A\u00e7\u00e3o pelo WhatsApp (83) 9 9634.5791, (83) 9 9601-1162.<\/p>\n<\/div>\n","protected":false},"excerpt":{"rendered":"<p>O candidato do PSDB \u00e0 Presid\u00eancia da Rep\u00fablica,\u00a0Geraldo Alckmin, afirmou nesta quinta-feira (2) que avalia a extin\u00e7\u00e3o do\u00a0Minist\u00e9rio do Trabalho\u00a0caso seja eleito. Alckmin defendeu a&hellip; <\/p>\n","protected":false},"author":1,"featured_media":59605,"comment_status":"closed","ping_status":"closed","sticky":false,"template":"","format":"standard","meta":{"sfsi_plus_gutenberg_text_before_share":"","sfsi_plus_gutenberg_show_text_before_share":"","sfsi_plus_gutenberg_icon_type":"","sfsi_plus_gutenberg_icon_alignemt":"","sfsi_plus_gutenburg_max_per_row":"","footnotes":""},"categories":[1],"tags":[],"class_list":["post-59603","post","type-post","status-publish","format-standard","has-post-thumbnail","hentry","category-o-site"],"_links":{"self":[{"href":"https:\/\/www.caririemacao.com\/1\/wp-json\/wp\/v2\/posts\/59603","targetHints":{"allow":["GET"]}}],"collection":[{"href":"https:\/\/www.caririemacao.com\/1\/wp-json\/wp\/v2\/posts"}],"about":[{"href":"https:\/\/www.caririemacao.com\/1\/wp-json\/wp\/v2\/types\/post"}],"author":[{"embeddable":true,"href":"https:\/\/www.caririemacao.com\/1\/wp-json\/wp\/v2\/users\/1"}],"replies":[{"embeddable":true,"href":"https:\/\/www.caririemacao.com\/1\/wp-json\/wp\/v2\/comments?post=59603"}],"version-history":[{"count":2,"href":"https:\/\/www.caririemacao.com\/1\/wp-json\/wp\/v2\/posts\/59603\/revisions"}],"predecessor-version":[{"id":59607,"href":"https:\/\/www.caririemacao.com\/1\/wp-json\/wp\/v2\/posts\/59603\/revisions\/59607"}],"wp:featuredmedia":[{"embeddable":true,"href":"https:\/\/www.caririemacao.com\/1\/wp-json\/wp\/v2\/media\/59605"}],"wp:attachment":[{"href":"https:\/\/www.caririemacao.com\/1\/wp-json\/wp\/v2\/media?parent=59603"}],"wp:term":[{"taxonomy":"category","embeddable":true,"href":"https:\/\/www.caririemacao.com\/1\/wp-json\/wp\/v2\/categories?post=59603"},{"taxonomy":"post_tag","embeddable":true,"href":"https:\/\/www.caririemacao.com\/1\/wp-json\/wp\/v2\/tags?post=59603"}],"curies":[{"name":"wp","href":"https:\/\/api.w.org\/{rel}","templated":true}]}}