{"id":59611,"date":"2018-08-03T07:41:45","date_gmt":"2018-08-03T10:41:45","guid":{"rendered":"http:\/\/caririemacao.com\/1\/?p=59611"},"modified":"2018-08-03T07:41:45","modified_gmt":"2018-08-03T10:41:45","slug":"tempo-de-trabalho-tem-participacao-do-secretario-rostand-chaves-nesta-sexta-na-monteiro-fm","status":"publish","type":"post","link":"https:\/\/www.caririemacao.com\/1\/2018\/08\/03\/tempo-de-trabalho-tem-participacao-do-secretario-rostand-chaves-nesta-sexta-na-monteiro-fm\/","title":{"rendered":"\u201cTempo de Trabalho\u201d tem participa\u00e7\u00e3o do secret\u00e1rio Rostand Chaves nesta sexta na Monteiro FM"},"content":{"rendered":"<p><img fetchpriority=\"high\" decoding=\"async\" class=\"wp-image-18996 alignleft\" src=\"http:\/\/www.vitrinedocariri.com.br\/wp-content\/uploads\/2018\/07\/tempo-de-trabalho-1.jpeg\" alt=\"\" width=\"501\" height=\"501\" \/>O secret\u00e1rio de Esportes Rostand Chaves, que atualmente responde pela secret\u00e1ria de Infraestrutura, ser\u00e1 o entrevistado do programa \u201cTempo de Trabalho\u201d, que vai ao ar todas as sextas-feiras, das 13 \u00e0s 14 horas pela r\u00e1dio Monteiro FM (97,5).<\/p>\n<p>Apresentado pelo radialista Edglay Bezerra, o programa \u00e9 um espa\u00e7o para que a Prefeitura de Monteiro possa prestar contas de suas a\u00e7\u00f5es semanais e apresentar suas metas de trabalhos por cada pasta, al\u00e9m de interagir com a popula\u00e7\u00e3o que poder\u00e1 apresentar sugest\u00f5es, reclama\u00e7\u00f5es e outros questionamentos \u00e0 administra\u00e7\u00e3o municipal atrav\u00e9s do telefone 0800 095 1553 ao longo da semana no hor\u00e1rio das 08 \u00e0s 12 horas.<\/p>\n<p>O programa \u201cTempo de Trabalho\u201d \u00e9 coordenado pela Secretaria de Comunica\u00e7\u00e3o e estreou na \u00faltima sexta-feira, dia 27 de julho com a participa\u00e7\u00e3o da prefeita Anna Lorena, que na oportunidade fez um balan\u00e7o destes primeiros 19 meses de sua gest\u00e3o \u00e0 frente da Prefeitura de Monteiro.<\/p>\n<p>&nbsp;<\/p>\n<p>Fonte: Vitrine do Cariri\/Foto: Reprodu\u00e7\u00e3o da internet<\/p>\n<p>Leia mais not\u00edcias em\u00a0<a href=\"http:\/\/www.caririemacao.com\/\">caririemacao.com<\/a>, siga nossa p\u00e1gina no\u00a0<a href=\"https:\/\/www.facebook.com\/CaririEmAcao\/?ref=aymt_homepage_panel\">Facebook<\/a>,\u00a0<a href=\"https:\/\/www.instagram.com\/cariri_em_acao\/?hl=pt-br\">Instagram<\/a>\u00a0e\u00a0<a href=\"https:\/\/www.youtube.com\/channel\/UCAptA0jQuYQy8vMhLt2m4qg\">Youtube<\/a>\u00a0e veja nossas mat\u00e9rias, v\u00eddeos e fotos. Voc\u00ea tamb\u00e9m pode enviar informa\u00e7\u00f5es \u00e0 Reda\u00e7\u00e3o do Portal Cariri em A\u00e7\u00e3o pelo WhatsApp (83) 9 9634.5791, (83) 9 9601-1162.<\/p>\n","protected":false},"excerpt":{"rendered":"<p>O secret\u00e1rio de Esportes Rostand Chaves, que atualmente responde pela secret\u00e1ria de Infraestrutura, ser\u00e1 o entrevistado do programa \u201cTempo de Trabalho\u201d, que vai ao ar&hellip; <\/p>\n","protected":false},"author":1,"featured_media":59614,"comment_status":"closed","ping_status":"closed","sticky":false,"template":"","format":"standard","meta":{"sfsi_plus_gutenberg_text_before_share":"","sfsi_plus_gutenberg_show_text_before_share":"","sfsi_plus_gutenberg_icon_type":"","sfsi_plus_gutenberg_icon_alignemt":"","sfsi_plus_gutenburg_max_per_row":"","footnotes":""},"categories":[11],"tags":[],"class_list":["post-59611","post","type-post","status-publish","format-standard","has-post-thumbnail","hentry","category-politica"],"_links":{"self":[{"href":"https:\/\/www.caririemacao.com\/1\/wp-json\/wp\/v2\/posts\/59611","targetHints":{"allow":["GET"]}}],"collection":[{"href":"https:\/\/www.caririemacao.com\/1\/wp-json\/wp\/v2\/posts"}],"about":[{"href":"https:\/\/www.caririemacao.com\/1\/wp-json\/wp\/v2\/types\/post"}],"author":[{"embeddable":true,"href":"https:\/\/www.caririemacao.com\/1\/wp-json\/wp\/v2\/users\/1"}],"replies":[{"embeddable":true,"href":"https:\/\/www.caririemacao.com\/1\/wp-json\/wp\/v2\/comments?post=59611"}],"version-history":[{"count":1,"href":"https:\/\/www.caririemacao.com\/1\/wp-json\/wp\/v2\/posts\/59611\/revisions"}],"predecessor-version":[{"id":59615,"href":"https:\/\/www.caririemacao.com\/1\/wp-json\/wp\/v2\/posts\/59611\/revisions\/59615"}],"wp:featuredmedia":[{"embeddable":true,"href":"https:\/\/www.caririemacao.com\/1\/wp-json\/wp\/v2\/media\/59614"}],"wp:attachment":[{"href":"https:\/\/www.caririemacao.com\/1\/wp-json\/wp\/v2\/media?parent=59611"}],"wp:term":[{"taxonomy":"category","embeddable":true,"href":"https:\/\/www.caririemacao.com\/1\/wp-json\/wp\/v2\/categories?post=59611"},{"taxonomy":"post_tag","embeddable":true,"href":"https:\/\/www.caririemacao.com\/1\/wp-json\/wp\/v2\/tags?post=59611"}],"curies":[{"name":"wp","href":"https:\/\/api.w.org\/{rel}","templated":true}]}}