{"id":59621,"date":"2018-08-03T10:11:23","date_gmt":"2018-08-03T13:11:23","guid":{"rendered":"http:\/\/caririemacao.com\/1\/?p=59621"},"modified":"2018-08-03T10:11:48","modified_gmt":"2018-08-03T13:11:48","slug":"incendio-destroi-residencia-em-campina-grande","status":"publish","type":"post","link":"https:\/\/www.caririemacao.com\/1\/2018\/08\/03\/incendio-destroi-residencia-em-campina-grande\/","title":{"rendered":"Inc\u00eandio destr\u00f3i resid\u00eancia"},"content":{"rendered":"<p>inc\u00eandio destruiu, por volta das 18h30 dessa quinta-feira, 2, uma casa localizada na travessa Gon\u00e7alves Dias, no bairro Monte Castelo, em Campina Grande.<\/p>\n<p>Estavam no local um casal de idosos e uma crian\u00e7a de quatro anos.<\/p>\n<p>O senhor disse que estava na cozinha quando percebeu o fogo tomando a sala e um dos quartos.<\/p>\n<div id=\"attachment_482941\" class=\"wp-caption aligncenter\">\n<p><img decoding=\"async\" class=\"wp-image-482941 size-full lazyload\" data-src=\"https:\/\/paraibaonline.com.br\/wp-content\/uploads\/2018\/08\/incendio0308.jpeg\" data-srcset=\"https:\/\/paraibaonline.com.br\/wp-content\/uploads\/2018\/08\/incendio0308.jpeg 1024w, https:\/\/paraibaonline.com.br\/wp-content\/uploads\/2018\/08\/incendio0308-556x417.jpeg 556w, https:\/\/paraibaonline.com.br\/wp-content\/uploads\/2018\/08\/incendio0308-883x662.jpeg 883w, https:\/\/paraibaonline.com.br\/wp-content\/uploads\/2018\/08\/incendio0308-800x600.jpeg 800w\" alt=\"Foto: Paraibaonline\" src=\"data:image\/svg+xml;base64,PHN2ZyB3aWR0aD0iMSIgaGVpZ2h0PSIxIiB4bWxucz0iaHR0cDovL3d3dy53My5vcmcvMjAwMC9zdmciPjwvc3ZnPg==\" \/><\/p>\n<p class=\"wp-caption-text\">Foto: Paraibaonline<\/p>\n<\/div>\n<p>O Corpo de Bombeiros foi acionado e conteve as chamas antes que se alastrassem para outros c\u00f4modos.<\/p>\n<p>As causas do inc\u00eandio est\u00e3o sendo investigadas.<\/p>\n<p>&nbsp;<\/p>\n<p>Fonte: Para\u00edba Online<\/p>\n<p>Leia mais not\u00edcias em\u00a0<a href=\"http:\/\/www.caririemacao.com\/\">caririemacao.com<\/a>, siga nossa p\u00e1gina no\u00a0<a href=\"https:\/\/www.facebook.com\/CaririEmAcao\/?ref=aymt_homepage_panel\">Facebook<\/a>,\u00a0<a href=\"https:\/\/www.instagram.com\/cariri_em_acao\/?hl=pt-br\">Instagram<\/a>\u00a0e\u00a0<a href=\"https:\/\/www.youtube.com\/channel\/UCAptA0jQuYQy8vMhLt2m4qg\">Youtube<\/a>\u00a0e veja nossas mat\u00e9rias, v\u00eddeos e fotos. Voc\u00ea tamb\u00e9m pode enviar informa\u00e7\u00f5es \u00e0 Reda\u00e7\u00e3o do Portal Cariri em A\u00e7\u00e3o pelo WhatsApp (83) 9 9634.5791, (83) 9 9601-1162.<\/p>\n<p>&nbsp;<\/p>\n","protected":false},"excerpt":{"rendered":"<p>inc\u00eandio destruiu, por volta das 18h30 dessa quinta-feira, 2, uma casa localizada na travessa Gon\u00e7alves Dias, no bairro Monte Castelo, em Campina Grande. Estavam no&hellip; <\/p>\n","protected":false},"author":1,"featured_media":44106,"comment_status":"closed","ping_status":"closed","sticky":false,"template":"","format":"standard","meta":{"sfsi_plus_gutenberg_text_before_share":"","sfsi_plus_gutenberg_show_text_before_share":"","sfsi_plus_gutenberg_icon_type":"","sfsi_plus_gutenberg_icon_alignemt":"","sfsi_plus_gutenburg_max_per_row":"","footnotes":""},"categories":[2],"tags":[],"class_list":["post-59621","post","type-post","status-publish","format-standard","has-post-thumbnail","hentry","category-geral"],"_links":{"self":[{"href":"https:\/\/www.caririemacao.com\/1\/wp-json\/wp\/v2\/posts\/59621","targetHints":{"allow":["GET"]}}],"collection":[{"href":"https:\/\/www.caririemacao.com\/1\/wp-json\/wp\/v2\/posts"}],"about":[{"href":"https:\/\/www.caririemacao.com\/1\/wp-json\/wp\/v2\/types\/post"}],"author":[{"embeddable":true,"href":"https:\/\/www.caririemacao.com\/1\/wp-json\/wp\/v2\/users\/1"}],"replies":[{"embeddable":true,"href":"https:\/\/www.caririemacao.com\/1\/wp-json\/wp\/v2\/comments?post=59621"}],"version-history":[{"count":2,"href":"https:\/\/www.caririemacao.com\/1\/wp-json\/wp\/v2\/posts\/59621\/revisions"}],"predecessor-version":[{"id":59623,"href":"https:\/\/www.caririemacao.com\/1\/wp-json\/wp\/v2\/posts\/59621\/revisions\/59623"}],"wp:featuredmedia":[{"embeddable":true,"href":"https:\/\/www.caririemacao.com\/1\/wp-json\/wp\/v2\/media\/44106"}],"wp:attachment":[{"href":"https:\/\/www.caririemacao.com\/1\/wp-json\/wp\/v2\/media?parent=59621"}],"wp:term":[{"taxonomy":"category","embeddable":true,"href":"https:\/\/www.caririemacao.com\/1\/wp-json\/wp\/v2\/categories?post=59621"},{"taxonomy":"post_tag","embeddable":true,"href":"https:\/\/www.caririemacao.com\/1\/wp-json\/wp\/v2\/tags?post=59621"}],"curies":[{"name":"wp","href":"https:\/\/api.w.org\/{rel}","templated":true}]}}