{"id":59624,"date":"2018-08-03T10:24:19","date_gmt":"2018-08-03T13:24:19","guid":{"rendered":"http:\/\/caririemacao.com\/1\/?p=59624"},"modified":"2018-08-03T10:29:48","modified_gmt":"2018-08-03T13:29:48","slug":"veja-os-numeros-de-pesquisa-para-governador-que-o-correio-nao-divulgou-joao-lidera","status":"publish","type":"post","link":"https:\/\/www.caririemacao.com\/1\/2018\/08\/03\/veja-os-numeros-de-pesquisa-para-governador-que-o-correio-nao-divulgou-joao-lidera\/","title":{"rendered":"Veja os n\u00fameros de pesquisa para governador que o Correio n\u00e3o divulgou; Jo\u00e3o lidera"},"content":{"rendered":"<p>Mais aguardada que final de campeonato e \u00faltimo cap\u00edtulo de novela s\u00e3o os n\u00fameros da pesquisa de inten\u00e7\u00e3o de voto da Real Time Big Data. Apesar da tentativa de ocultar a pesquisa realizada na Para\u00edba, os n\u00fameros surgiram, e o Pol\u00eamica Para\u00edba est\u00e1 trazendo com exclusividade.<\/p>\n<p><img fetchpriority=\"high\" decoding=\"async\" class=\"alignnone size-full wp-image-59626\" src=\"http:\/\/caririemacao.com\/1\/wp-content\/uploads\/2018\/08\/big-data-governador.jpg\" alt=\"\" width=\"920\" height=\"491\" srcset=\"https:\/\/www.caririemacao.com\/1\/wp-content\/uploads\/2018\/08\/big-data-governador.jpg 920w, https:\/\/www.caririemacao.com\/1\/wp-content\/uploads\/2018\/08\/big-data-governador-300x160.jpg 300w, https:\/\/www.caririemacao.com\/1\/wp-content\/uploads\/2018\/08\/big-data-governador-768x410.jpg 768w\" sizes=\"(max-width: 920px) 100vw, 920px\" \/><\/p>\n<p>Para quem n\u00e3o lembra, oficialmente a pesquisa foi custeada pela pr\u00f3pria ag\u00eancia, mas o respons\u00e1vel pela empresa confirmou que o contratante foi a\u00a0Rede Record, ainda assim, o Sistema Correio recusou-se a divulgar o resultado e, desde ent\u00e3o, o caso ficou imerso num suspense.<\/p>\n<p>Mas o Pol\u00eamica Para\u00edba teve acesso a \u201cpesquisa da disc\u00f3rdia\u201d e os n\u00fameros para governador, o suposto motivo da n\u00e3o divulga\u00e7\u00e3o, est\u00e1 finalmente dispon\u00edvel.\u00a0 . Fontes dos bastidores da Real Time Big Data confirmaram a veracidade dos n\u00fameros da lista.<\/p>\n<p>Com Pol\u00eamica Para\u00edba<\/p>\n","protected":false},"excerpt":{"rendered":"<p>Mais aguardada que final de campeonato e \u00faltimo cap\u00edtulo de novela s\u00e3o os n\u00fameros da pesquisa de inten\u00e7\u00e3o de voto da Real Time Big Data.&hellip; <\/p>\n","protected":false},"author":2,"featured_media":59625,"comment_status":"closed","ping_status":"closed","sticky":false,"template":"","format":"standard","meta":{"sfsi_plus_gutenberg_text_before_share":"","sfsi_plus_gutenberg_show_text_before_share":"","sfsi_plus_gutenberg_icon_type":"","sfsi_plus_gutenberg_icon_alignemt":"","sfsi_plus_gutenburg_max_per_row":"","footnotes":""},"categories":[1],"tags":[],"class_list":["post-59624","post","type-post","status-publish","format-standard","has-post-thumbnail","hentry","category-o-site"],"_links":{"self":[{"href":"https:\/\/www.caririemacao.com\/1\/wp-json\/wp\/v2\/posts\/59624","targetHints":{"allow":["GET"]}}],"collection":[{"href":"https:\/\/www.caririemacao.com\/1\/wp-json\/wp\/v2\/posts"}],"about":[{"href":"https:\/\/www.caririemacao.com\/1\/wp-json\/wp\/v2\/types\/post"}],"author":[{"embeddable":true,"href":"https:\/\/www.caririemacao.com\/1\/wp-json\/wp\/v2\/users\/2"}],"replies":[{"embeddable":true,"href":"https:\/\/www.caririemacao.com\/1\/wp-json\/wp\/v2\/comments?post=59624"}],"version-history":[{"count":1,"href":"https:\/\/www.caririemacao.com\/1\/wp-json\/wp\/v2\/posts\/59624\/revisions"}],"predecessor-version":[{"id":59627,"href":"https:\/\/www.caririemacao.com\/1\/wp-json\/wp\/v2\/posts\/59624\/revisions\/59627"}],"wp:featuredmedia":[{"embeddable":true,"href":"https:\/\/www.caririemacao.com\/1\/wp-json\/wp\/v2\/media\/59625"}],"wp:attachment":[{"href":"https:\/\/www.caririemacao.com\/1\/wp-json\/wp\/v2\/media?parent=59624"}],"wp:term":[{"taxonomy":"category","embeddable":true,"href":"https:\/\/www.caririemacao.com\/1\/wp-json\/wp\/v2\/categories?post=59624"},{"taxonomy":"post_tag","embeddable":true,"href":"https:\/\/www.caririemacao.com\/1\/wp-json\/wp\/v2\/tags?post=59624"}],"curies":[{"name":"wp","href":"https:\/\/api.w.org\/{rel}","templated":true}]}}