{"id":59629,"date":"2018-08-03T10:39:19","date_gmt":"2018-08-03T13:39:19","guid":{"rendered":"http:\/\/caririemacao.com\/1\/?p=59629"},"modified":"2018-08-03T10:39:19","modified_gmt":"2018-08-03T13:39:19","slug":"pet-e-unidade-academica-de-gestao-publica-comemoram-100o-trabalho-de-conclusao-de-curso","status":"publish","type":"post","link":"https:\/\/www.caririemacao.com\/1\/2018\/08\/03\/pet-e-unidade-academica-de-gestao-publica-comemoram-100o-trabalho-de-conclusao-de-curso\/","title":{"rendered":"PET e Unidade Acad\u00eamica de Gest\u00e3o P\u00fablica comemoram 100\u00ba Trabalho de Conclus\u00e3o de Curso"},"content":{"rendered":"<p>A Unidade Acad\u00eamica de Gest\u00e3o P\u00fablica (UAGESP) e o PET Gest\u00e3o P\u00fablica, Pol\u00edtica e Cidadania comemoraram nesta quarta-feira, 1 de agosto, o cent\u00e9simo Trabalho de Conclus\u00e3o de Curso (TCC) do Curso de Tecnologia em Gest\u00e3o P\u00fablica do Centro de Desenvolvimento Sustent\u00e1vel do Semi\u00e1rido da Universidade Federal de Campina Grande, Campus Sum\u00e9.<\/p>\n<p>O Trabalho intitulado &#8220;An\u00e1lise do Pronaf e o Desenvolvimento Rural no Munic\u00edpio de Sum\u00e9-Para\u00edba&#8221; foi defendido pela ent\u00e3o aluna do curso, Tuane Soares Pereira, sob orienta\u00e7\u00e3o do professor Dr. Luiz Antonio Co\u00ealho da Silva, da UAGESP.<\/p>\n<p>A homenagem se deu atrav\u00e9s do descerramento de uma placa comemorativa, afixada na \u00e1rea externa do pr\u00e9dio onde fica a unidade acad\u00eamica. O diretor do CDSA, Vanderlan Leite, o coordenador administrativo da UAGESP, Allan Gustavo Freire, o coordenador do curso, Gilvan Dias e o tutor do PET, Luiz Co\u00ealho fizeram o descerramento da placa. Estiveram presentes, estudantes, professores e t\u00e9cnicos-administrativos do CDSA.<\/p>\n<p><b>O Curso<\/b><\/p>\n<p>O Curso Superior de Tecnologia em Gest\u00e3o P\u00fablica objetiva propiciar atividades de ensino, pesquisa e extens\u00e3o sobre gest\u00e3o p\u00fablica, proporcionando uma forma\u00e7\u00e3o te\u00f3rica e metodol\u00f3gica nas \u00e1reas que comp\u00f5em este campo cient\u00edfico.<\/p>\n<p>O Tecn\u00f3logo em Gest\u00e3o P\u00fablica tem como \u00e1rea de atua\u00e7\u00e3o as institui\u00e7\u00f5es p\u00fablicas, nas esferas federal, estadual ou municipal. Suas atividades centram-se no planejamento, implanta\u00e7\u00e3o e gerenciamento de programas e projetos de pol\u00edticas p\u00fablicas. Com s\u00f3lidos conhecimentos sobre as regulamenta\u00e7\u00f5es legais espec\u00edficas do segmento, esse profissional busca a otimiza\u00e7\u00e3o da capacidade da administra\u00e7\u00e3o p\u00fablica. O trato com pessoas, a vis\u00e3o ampla e sist\u00eamica da gest\u00e3o p\u00fablica, a capacidade de comunica\u00e7\u00e3o, trabalho em equipe e lideran\u00e7a s\u00e3o caracter\u00edsticas indispens\u00e1veis a esse tecn\u00f3logo.<\/p>\n<p>Dura\u00e7\u00e3o do Curso: 3 anos<br \/>\nPer\u00edodos: 6 per\u00edodos letivos<br \/>\nTurno: Noturno<br \/>\nCr\u00e9ditos: 120<br \/>\nHoras-aula: 1.800 horas<\/p>\n<div>Vagas por ano: 50 vagas<\/div>\n<div>\n<p style=\"text-align: right;\">Fonte: Assimp CDSA\/UFCG\/ Foto: Gurtyelson &#8211; Cariri em A\u00e7\u00e3o<\/p>\n<\/div>\n","protected":false},"excerpt":{"rendered":"<p>A Unidade Acad\u00eamica de Gest\u00e3o P\u00fablica (UAGESP) e o PET Gest\u00e3o P\u00fablica, Pol\u00edtica e Cidadania comemoraram nesta quarta-feira, 1 de agosto, o cent\u00e9simo Trabalho de&hellip; <\/p>\n","protected":false},"author":2,"featured_media":36846,"comment_status":"closed","ping_status":"closed","sticky":false,"template":"","format":"standard","meta":{"sfsi_plus_gutenberg_text_before_share":"","sfsi_plus_gutenberg_show_text_before_share":"","sfsi_plus_gutenberg_icon_type":"","sfsi_plus_gutenberg_icon_alignemt":"","sfsi_plus_gutenburg_max_per_row":"","footnotes":""},"categories":[14],"tags":[],"class_list":["post-59629","post","type-post","status-publish","format-standard","has-post-thumbnail","hentry","category-educacao"],"_links":{"self":[{"href":"https:\/\/www.caririemacao.com\/1\/wp-json\/wp\/v2\/posts\/59629","targetHints":{"allow":["GET"]}}],"collection":[{"href":"https:\/\/www.caririemacao.com\/1\/wp-json\/wp\/v2\/posts"}],"about":[{"href":"https:\/\/www.caririemacao.com\/1\/wp-json\/wp\/v2\/types\/post"}],"author":[{"embeddable":true,"href":"https:\/\/www.caririemacao.com\/1\/wp-json\/wp\/v2\/users\/2"}],"replies":[{"embeddable":true,"href":"https:\/\/www.caririemacao.com\/1\/wp-json\/wp\/v2\/comments?post=59629"}],"version-history":[{"count":1,"href":"https:\/\/www.caririemacao.com\/1\/wp-json\/wp\/v2\/posts\/59629\/revisions"}],"predecessor-version":[{"id":59630,"href":"https:\/\/www.caririemacao.com\/1\/wp-json\/wp\/v2\/posts\/59629\/revisions\/59630"}],"wp:featuredmedia":[{"embeddable":true,"href":"https:\/\/www.caririemacao.com\/1\/wp-json\/wp\/v2\/media\/36846"}],"wp:attachment":[{"href":"https:\/\/www.caririemacao.com\/1\/wp-json\/wp\/v2\/media?parent=59629"}],"wp:term":[{"taxonomy":"category","embeddable":true,"href":"https:\/\/www.caririemacao.com\/1\/wp-json\/wp\/v2\/categories?post=59629"},{"taxonomy":"post_tag","embeddable":true,"href":"https:\/\/www.caririemacao.com\/1\/wp-json\/wp\/v2\/tags?post=59629"}],"curies":[{"name":"wp","href":"https:\/\/api.w.org\/{rel}","templated":true}]}}