{"id":59633,"date":"2018-08-03T10:48:21","date_gmt":"2018-08-03T13:48:21","guid":{"rendered":"http:\/\/caririemacao.com\/1\/?p=59633"},"modified":"2018-08-03T10:48:21","modified_gmt":"2018-08-03T13:48:21","slug":"aecio-neves-desiste-de-disputar-senado-federal","status":"publish","type":"post","link":"https:\/\/www.caririemacao.com\/1\/2018\/08\/03\/aecio-neves-desiste-de-disputar-senado-federal\/","title":{"rendered":"A\u00e9cio Neves desiste de disputar Senado Federal"},"content":{"rendered":"<p>O senador A\u00e9cio Neves (PSDB-MG) desistiu de disputar a reelei\u00e7\u00e3o ao Senado e anunciou na tarde desta quinta-feira, 2, que vai disputar uma vaga de deputado federal por Minas Gerais.<\/p>\n<p>A decis\u00e3o foi comunicada em nota distribu\u00edda \u00e0 imprensa. \u201cCom o objetivo de ampliar o campo de apoio \u00e0 candidatura do senador Antonio Anastasia, informei a ele hoje a decis\u00e3o pessoal de n\u00e3o disputar, este ano, a elei\u00e7\u00e3o para o Senado, colocando meu nome como pr\u00e9-candidato \u00e0 C\u00e2mara dos Deputados.\u201d<\/p>\n<p>Na nota, o senador disse ainda que essa n\u00e3o foi uma decis\u00e3o f\u00e1cil. \u201cFarei isso em respeito \u00e0 minha trajet\u00f3ria pol\u00edtica, \u00e0 minha fam\u00edlia e a todos que me levaram a conduzir o que muitos consideram o mais exitoso governo da nossa hist\u00f3ria recente.\u201d<\/p>\n<p>A\u00e9cio vinha sendo pressionado por tucanos e at\u00e9 por aliados a desistir da disputa pela reelei\u00e7\u00e3o. Ele n\u00e3o participou de nenhuma atividade de pr\u00e9-campanha do senador Antonio Anastasia, que \u00e9 candidato ao governo de Minas pelo PSDB.<\/p>\n<p>&nbsp;<\/p>\n<p>Fonte: Vitrine\u00a0 Cariri\/Foto: Reprodu\u00e7\u00e3o<\/p>\n<p>Leia mais not\u00edcias em\u00a0<a href=\"http:\/\/www.caririemacao.com\/\">caririemacao.com<\/a>, siga nossa p\u00e1gina no\u00a0<a href=\"https:\/\/www.facebook.com\/CaririEmAcao\/?ref=aymt_homepage_panel\">Facebook<\/a>,\u00a0<a href=\"https:\/\/www.instagram.com\/cariri_em_acao\/?hl=pt-br\">Instagram<\/a>\u00a0e\u00a0<a href=\"https:\/\/www.youtube.com\/channel\/UCAptA0jQuYQy8vMhLt2m4qg\">Youtube<\/a>\u00a0e veja nossas mat\u00e9rias, v\u00eddeos e fotos. Voc\u00ea tamb\u00e9m pode enviar informa\u00e7\u00f5es \u00e0 Reda\u00e7\u00e3o do Portal Cariri em A\u00e7\u00e3o pelo WhatsApp (83) 9 9634.5791, (83) 9 9601-1162.<\/p>\n","protected":false},"excerpt":{"rendered":"<p>O senador A\u00e9cio Neves (PSDB-MG) desistiu de disputar a reelei\u00e7\u00e3o ao Senado e anunciou na tarde desta quinta-feira, 2, que vai disputar uma vaga de&hellip; <\/p>\n","protected":false},"author":1,"featured_media":59634,"comment_status":"closed","ping_status":"closed","sticky":false,"template":"","format":"standard","meta":{"sfsi_plus_gutenberg_text_before_share":"","sfsi_plus_gutenberg_show_text_before_share":"","sfsi_plus_gutenberg_icon_type":"","sfsi_plus_gutenberg_icon_alignemt":"","sfsi_plus_gutenburg_max_per_row":"","footnotes":""},"categories":[1],"tags":[],"class_list":["post-59633","post","type-post","status-publish","format-standard","has-post-thumbnail","hentry","category-o-site"],"_links":{"self":[{"href":"https:\/\/www.caririemacao.com\/1\/wp-json\/wp\/v2\/posts\/59633","targetHints":{"allow":["GET"]}}],"collection":[{"href":"https:\/\/www.caririemacao.com\/1\/wp-json\/wp\/v2\/posts"}],"about":[{"href":"https:\/\/www.caririemacao.com\/1\/wp-json\/wp\/v2\/types\/post"}],"author":[{"embeddable":true,"href":"https:\/\/www.caririemacao.com\/1\/wp-json\/wp\/v2\/users\/1"}],"replies":[{"embeddable":true,"href":"https:\/\/www.caririemacao.com\/1\/wp-json\/wp\/v2\/comments?post=59633"}],"version-history":[{"count":1,"href":"https:\/\/www.caririemacao.com\/1\/wp-json\/wp\/v2\/posts\/59633\/revisions"}],"predecessor-version":[{"id":59635,"href":"https:\/\/www.caririemacao.com\/1\/wp-json\/wp\/v2\/posts\/59633\/revisions\/59635"}],"wp:featuredmedia":[{"embeddable":true,"href":"https:\/\/www.caririemacao.com\/1\/wp-json\/wp\/v2\/media\/59634"}],"wp:attachment":[{"href":"https:\/\/www.caririemacao.com\/1\/wp-json\/wp\/v2\/media?parent=59633"}],"wp:term":[{"taxonomy":"category","embeddable":true,"href":"https:\/\/www.caririemacao.com\/1\/wp-json\/wp\/v2\/categories?post=59633"},{"taxonomy":"post_tag","embeddable":true,"href":"https:\/\/www.caririemacao.com\/1\/wp-json\/wp\/v2\/tags?post=59633"}],"curies":[{"name":"wp","href":"https:\/\/api.w.org\/{rel}","templated":true}]}}