{"id":59637,"date":"2018-08-03T10:55:55","date_gmt":"2018-08-03T13:55:55","guid":{"rendered":"http:\/\/caririemacao.com\/1\/?p=59637"},"modified":"2018-08-03T10:55:55","modified_gmt":"2018-08-03T13:55:55","slug":"pdt-engrossa-o-discurso-e-deve-lancar-a-candidatura-de-ligia-feliciano","status":"publish","type":"post","link":"https:\/\/www.caririemacao.com\/1\/2018\/08\/03\/pdt-engrossa-o-discurso-e-deve-lancar-a-candidatura-de-ligia-feliciano\/","title":{"rendered":"PDT engrossa o discurso e deve lan\u00e7ar a candidatura de L\u00edgia Feliciano"},"content":{"rendered":"<div class=\"titulo\">\n<p>Conforme o jornal Folha de S\u00e3o Paulo, o PDT amea\u00e7a romper acordos regionais e lan\u00e7ar candidaturas pr\u00f3prias ao governo estadual que rivalizem com as do PSB.<\/p>\n<\/div>\n<div class=\"content\">\n<p>O partido considera oficializar candidatos em Pernambuco, S\u00e3o Paulo e na Para\u00edba (L\u00edgia Feliciano).<\/p>\n<p>Os tr\u00eas estados foram os principais articuladores da decis\u00e3o do PSB de declarar neutralidade na disputa presidencial deste ano.<\/p>\n<p style=\"text-align: right;\">Fonte: Uol\/Foto: Reprodu\u00e7\u00e3o da internet<\/p>\n<\/div>\n","protected":false},"excerpt":{"rendered":"<p>Conforme o jornal Folha de S\u00e3o Paulo, o PDT amea\u00e7a romper acordos regionais e lan\u00e7ar candidaturas pr\u00f3prias ao governo estadual que rivalizem com as do&hellip; <\/p>\n","protected":false},"author":2,"featured_media":58437,"comment_status":"closed","ping_status":"closed","sticky":false,"template":"","format":"standard","meta":{"sfsi_plus_gutenberg_text_before_share":"","sfsi_plus_gutenberg_show_text_before_share":"","sfsi_plus_gutenberg_icon_type":"","sfsi_plus_gutenberg_icon_alignemt":"","sfsi_plus_gutenburg_max_per_row":"","footnotes":""},"categories":[1],"tags":[],"class_list":["post-59637","post","type-post","status-publish","format-standard","has-post-thumbnail","hentry","category-o-site"],"_links":{"self":[{"href":"https:\/\/www.caririemacao.com\/1\/wp-json\/wp\/v2\/posts\/59637","targetHints":{"allow":["GET"]}}],"collection":[{"href":"https:\/\/www.caririemacao.com\/1\/wp-json\/wp\/v2\/posts"}],"about":[{"href":"https:\/\/www.caririemacao.com\/1\/wp-json\/wp\/v2\/types\/post"}],"author":[{"embeddable":true,"href":"https:\/\/www.caririemacao.com\/1\/wp-json\/wp\/v2\/users\/2"}],"replies":[{"embeddable":true,"href":"https:\/\/www.caririemacao.com\/1\/wp-json\/wp\/v2\/comments?post=59637"}],"version-history":[{"count":1,"href":"https:\/\/www.caririemacao.com\/1\/wp-json\/wp\/v2\/posts\/59637\/revisions"}],"predecessor-version":[{"id":59638,"href":"https:\/\/www.caririemacao.com\/1\/wp-json\/wp\/v2\/posts\/59637\/revisions\/59638"}],"wp:featuredmedia":[{"embeddable":true,"href":"https:\/\/www.caririemacao.com\/1\/wp-json\/wp\/v2\/media\/58437"}],"wp:attachment":[{"href":"https:\/\/www.caririemacao.com\/1\/wp-json\/wp\/v2\/media?parent=59637"}],"wp:term":[{"taxonomy":"category","embeddable":true,"href":"https:\/\/www.caririemacao.com\/1\/wp-json\/wp\/v2\/categories?post=59637"},{"taxonomy":"post_tag","embeddable":true,"href":"https:\/\/www.caririemacao.com\/1\/wp-json\/wp\/v2\/tags?post=59637"}],"curies":[{"name":"wp","href":"https:\/\/api.w.org\/{rel}","templated":true}]}}