{"id":59639,"date":"2018-08-03T11:05:47","date_gmt":"2018-08-03T14:05:47","guid":{"rendered":"http:\/\/caririemacao.com\/1\/?p=59639"},"modified":"2018-08-03T11:05:47","modified_gmt":"2018-08-03T14:05:47","slug":"progressistas-fecham-com-lucelio-e-joao-azevedo-deve-anunciar-vice-nesta-sexta-feira","status":"publish","type":"post","link":"https:\/\/www.caririemacao.com\/1\/2018\/08\/03\/progressistas-fecham-com-lucelio-e-joao-azevedo-deve-anunciar-vice-nesta-sexta-feira\/","title":{"rendered":"Progressistas fecham com Luc\u00e9lio e Jo\u00e3o Azev\u00eado deve anunciar vice nesta sexta-feira"},"content":{"rendered":"<p>O mist\u00e9rio sobre a composi\u00e7\u00e3o das chapas de Jo\u00e3o Azev\u00eado (PSB) e de Luc\u00e9lio Cartaxo (PV) ter\u00e1 fim nesta sexta-feira (3). Faltando apenas dois dias para o fim do prazo das conven\u00e7\u00f5es partid\u00e1rias, as \u00faltimas vagas no andar de cima das chapas dever\u00e3o ser preenchidas. Como o previsto, a deputada estadual Daniella Ribeiro (PP) vai disputar o Senado na chapa de Luc\u00e9lio. A reuni\u00e3o que serviu para bater o martelo foi at\u00e9 tarde nesta quinta-feira. J\u00e1 a vaga de vice de Jo\u00e3o poder\u00e1 ficar com o DEM de Efraim Moraes ou o PDT de L\u00edgia Feliciano. Esta \u00faltima dobradinha, vale ressaltar, \u00e9 a que vigora at\u00e9 agora no governo. A pedetista, que se lan\u00e7ou como pr\u00e9-candidata ao governo, \u00e9 vice de Ricardo Coutinho (PSB). Caso o nome dela seja escolhido, haver\u00e1 uma campanha para governo a menos na rua.<\/p>\n<p>O caso do Progressistas \u00e9 emblem\u00e1tico. O partido foi a noiva na disputa por v\u00e1rios meses. Apesar de se situar na base oposicionista, inclusive com o vice de Romero Rodrigues (PSDB), em Campina Grande, Enivaldo Ribeiro, a sigla namorou todas as candidaturas. Foi cortejada por Luc\u00e9lio, por Jo\u00e3o Azev\u00eado e ainda por Jos\u00e9 Maranh\u00e3o (MDB). Nas idas e vindas, houve at\u00e9 reuni\u00e3o com o governador Ricardo Coutinho, um antigo advers\u00e1rio. Mais recentemente, no entanto, o movimento foi todo em dire\u00e7\u00e3o a Luc\u00e9lio Cartaxo. As indefini\u00e7\u00f5es sobre as composi\u00e7\u00f5es na chapa motivaram a demora pelo an\u00fancio do destino. Apesar disso, desde a semana passada, a mudan\u00e7a de ares deixou de ser considerada pelos aliados de Ricardo. Haver\u00e1 coletiva nesta sexta-feira \u00e0s 11h30, no\u00a0Hotel Nord Luxxor Sapucaia.<\/p>\n<p>O pr\u00e9-candidato Jo\u00e3o Azev\u00eado tem feito mist\u00e9rios ainda sobre a vaga de vice. Nesta quinta-feira (2), durante ato administrativo em Campina Grande, o governador falou do perfil do ocupante da vaga. Deixou claro que o nome n\u00e3o vai ser buscado na oposi\u00e7\u00e3o. \u201cN\u00f3s estamos buscando apresentar a Para\u00edba uma chapa que tenha tr\u00eas coisas fundamentais: dec\u00eancia na pol\u00edtica e efici\u00eancia. E somando estas duas coisas t\u00eam que ter dignidade. Jo\u00e3o Azevedo, Veneziano Vital do R\u00eago (candidato a senador) e Luiz Couto (candidato a senador) dialogam diretamente com estas tr\u00eas coisas. N\u00f3s vamos escolher o vice, dentro dos partidos que est\u00e3o querendo estas coisas\u201d, afirmou o governador.<\/p>\n<p>A vaga de vice na chapa de Jo\u00e3o Azev\u00eado \u00e9 cobrada pelo DEM. O partido lembra que est\u00e1 na composi\u00e7\u00e3o desde 2010 e que a sigla agrega o Sert\u00e3o do Estado na chapa, que tem Jo\u00e3o Azev\u00eado e Luiz Couto de Jo\u00e3o Pessoa e Veneziano de Campina Grande. O nome indicado pela sigla \u00e9 o de Efraim Moraes. Outro nome que surge como possibilidade \u00e9 o de L\u00edgia Feliciano, atual vice de Ricardo. Nesta quinta-feira, Efraim se reuniu com Hugo Motta (PRB) e Wilson Santiago (PTB) para fazer contas sobre as composi\u00e7\u00f5es proporcionais. Os tr\u00eas est\u00e3o na base aliada de Ricardo, mas podem migrar dependendo dos cen\u00e1rios eleitorais para este ano. A chapa de Jos\u00e9 Maranh\u00e3o (MDB) ainda n\u00e3o foi formada. Apenas Bruno Roberto (PR) foi definido na vice.<\/p>\n<p style=\"text-align: right;\">Com Suetoni Maior\/Foto: Reprodu\u00e7\u00e3o Internet<\/p>\n","protected":false},"excerpt":{"rendered":"<p>O mist\u00e9rio sobre a composi\u00e7\u00e3o das chapas de Jo\u00e3o Azev\u00eado (PSB) e de Luc\u00e9lio Cartaxo (PV) ter\u00e1 fim nesta sexta-feira (3). Faltando apenas dois dias&hellip; <\/p>\n","protected":false},"author":2,"featured_media":41029,"comment_status":"closed","ping_status":"closed","sticky":false,"template":"","format":"standard","meta":{"sfsi_plus_gutenberg_text_before_share":"","sfsi_plus_gutenberg_show_text_before_share":"","sfsi_plus_gutenberg_icon_type":"","sfsi_plus_gutenberg_icon_alignemt":"","sfsi_plus_gutenburg_max_per_row":"","footnotes":""},"categories":[11],"tags":[],"class_list":["post-59639","post","type-post","status-publish","format-standard","has-post-thumbnail","hentry","category-politica"],"_links":{"self":[{"href":"https:\/\/www.caririemacao.com\/1\/wp-json\/wp\/v2\/posts\/59639","targetHints":{"allow":["GET"]}}],"collection":[{"href":"https:\/\/www.caririemacao.com\/1\/wp-json\/wp\/v2\/posts"}],"about":[{"href":"https:\/\/www.caririemacao.com\/1\/wp-json\/wp\/v2\/types\/post"}],"author":[{"embeddable":true,"href":"https:\/\/www.caririemacao.com\/1\/wp-json\/wp\/v2\/users\/2"}],"replies":[{"embeddable":true,"href":"https:\/\/www.caririemacao.com\/1\/wp-json\/wp\/v2\/comments?post=59639"}],"version-history":[{"count":1,"href":"https:\/\/www.caririemacao.com\/1\/wp-json\/wp\/v2\/posts\/59639\/revisions"}],"predecessor-version":[{"id":59640,"href":"https:\/\/www.caririemacao.com\/1\/wp-json\/wp\/v2\/posts\/59639\/revisions\/59640"}],"wp:featuredmedia":[{"embeddable":true,"href":"https:\/\/www.caririemacao.com\/1\/wp-json\/wp\/v2\/media\/41029"}],"wp:attachment":[{"href":"https:\/\/www.caririemacao.com\/1\/wp-json\/wp\/v2\/media?parent=59639"}],"wp:term":[{"taxonomy":"category","embeddable":true,"href":"https:\/\/www.caririemacao.com\/1\/wp-json\/wp\/v2\/categories?post=59639"},{"taxonomy":"post_tag","embeddable":true,"href":"https:\/\/www.caririemacao.com\/1\/wp-json\/wp\/v2\/tags?post=59639"}],"curies":[{"name":"wp","href":"https:\/\/api.w.org\/{rel}","templated":true}]}}