{"id":59643,"date":"2018-08-03T11:50:29","date_gmt":"2018-08-03T14:50:29","guid":{"rendered":"http:\/\/caririemacao.com\/1\/?p=59643"},"modified":"2018-08-03T11:50:29","modified_gmt":"2018-08-03T14:50:29","slug":"mp-ingressa-com-acoes-contra-acumulo-de-cargos-por-servidores","status":"publish","type":"post","link":"https:\/\/www.caririemacao.com\/1\/2018\/08\/03\/mp-ingressa-com-acoes-contra-acumulo-de-cargos-por-servidores\/","title":{"rendered":"MP ingressa com a\u00e7\u00f5es contra ac\u00famulo de cargos por servidores"},"content":{"rendered":"<p>O Minist\u00e9rio P\u00fablico de Contas da Para\u00edba ingressou com diversas Representa\u00e7\u00f5es, junto ao Tribunal de Contas, questionando situa\u00e7\u00f5es de acumula\u00e7\u00f5es indevidas de cargos p\u00fablicos, sobretudo envolvendo profissionais da \u00e1rea de sa\u00fade.<\/p>\n<p>As informa\u00e7\u00f5es que embasam as a\u00e7\u00f5es do Minist\u00e9rio P\u00fablico de Contas foram extra\u00eddas do pr\u00f3prio site do TCE\/PB, que disponibiliza um painel que retrata as acumula\u00e7\u00f5es de fun\u00e7\u00f5es e cargos p\u00fablicos em todo o Estado da Para\u00edba, incluindo os Munic\u00edpios (<a href=\"http:\/\/tce.pb.gov.br\/paineis\/acumulacao-de-vinculos-publicos\" data-saferedirecturl=\"https:\/\/www.google.com\/url?hl=pt-BR&amp;q=http:\/\/tce.pb.gov.br\/paineis\/acumulacao-de-vinculos-publicos&amp;source=gmail&amp;ust=1533389328294000&amp;usg=AFQjCNHJZiIpsjEfsgu3wvielcdfJQmH6A\">http:\/\/tce.pb.gov.br\/paineis\/acumulacao-de-vinculos-publicos<\/a>).<\/p>\n<p>A Constitui\u00e7\u00e3o Federal estabelece, como regra, a proibi\u00e7\u00e3o da acumula\u00e7\u00e3o remunerada de cargos, empregos e fun\u00e7\u00f5es de natureza p\u00fablica, em quaisquer dos Poderes da Uni\u00e3o, dos Estados, do Distrito Federal e dos Munic\u00edpios, permitindo a acumula\u00e7\u00e3o apenas nas hip\u00f3teses expressamente previstas no texto constitucional e desde que haja compatibilidade de hor\u00e1rios.<\/p>\n<p>Nesse primeiro momento, o Minist\u00e9rio P\u00fablico de Contas priorizou os entes que mais possuem agentes p\u00fablicos em seu quadro funcional, como o Estado da Para\u00edba e os Munic\u00edpios de Jo\u00e3o Pessoa e Campina Grande, al\u00e9m das situa\u00e7\u00f5es com maiores n\u00fameros de v\u00ednculos acumulados.<\/p>\n<p style=\"text-align: right;\">Com Mais PB\/Foto:Reprodu\u00e7\u00e3o internet<\/p>\n","protected":false},"excerpt":{"rendered":"<p>O Minist\u00e9rio P\u00fablico de Contas da Para\u00edba ingressou com diversas Representa\u00e7\u00f5es, junto ao Tribunal de Contas, questionando situa\u00e7\u00f5es de acumula\u00e7\u00f5es indevidas de cargos p\u00fablicos, sobretudo&hellip; <\/p>\n","protected":false},"author":2,"featured_media":47596,"comment_status":"closed","ping_status":"closed","sticky":false,"template":"","format":"standard","meta":{"sfsi_plus_gutenberg_text_before_share":"","sfsi_plus_gutenberg_show_text_before_share":"","sfsi_plus_gutenberg_icon_type":"","sfsi_plus_gutenberg_icon_alignemt":"","sfsi_plus_gutenburg_max_per_row":"","footnotes":""},"categories":[2],"tags":[],"class_list":["post-59643","post","type-post","status-publish","format-standard","has-post-thumbnail","hentry","category-geral"],"_links":{"self":[{"href":"https:\/\/www.caririemacao.com\/1\/wp-json\/wp\/v2\/posts\/59643","targetHints":{"allow":["GET"]}}],"collection":[{"href":"https:\/\/www.caririemacao.com\/1\/wp-json\/wp\/v2\/posts"}],"about":[{"href":"https:\/\/www.caririemacao.com\/1\/wp-json\/wp\/v2\/types\/post"}],"author":[{"embeddable":true,"href":"https:\/\/www.caririemacao.com\/1\/wp-json\/wp\/v2\/users\/2"}],"replies":[{"embeddable":true,"href":"https:\/\/www.caririemacao.com\/1\/wp-json\/wp\/v2\/comments?post=59643"}],"version-history":[{"count":1,"href":"https:\/\/www.caririemacao.com\/1\/wp-json\/wp\/v2\/posts\/59643\/revisions"}],"predecessor-version":[{"id":59649,"href":"https:\/\/www.caririemacao.com\/1\/wp-json\/wp\/v2\/posts\/59643\/revisions\/59649"}],"wp:featuredmedia":[{"embeddable":true,"href":"https:\/\/www.caririemacao.com\/1\/wp-json\/wp\/v2\/media\/47596"}],"wp:attachment":[{"href":"https:\/\/www.caririemacao.com\/1\/wp-json\/wp\/v2\/media?parent=59643"}],"wp:term":[{"taxonomy":"category","embeddable":true,"href":"https:\/\/www.caririemacao.com\/1\/wp-json\/wp\/v2\/categories?post=59643"},{"taxonomy":"post_tag","embeddable":true,"href":"https:\/\/www.caririemacao.com\/1\/wp-json\/wp\/v2\/tags?post=59643"}],"curies":[{"name":"wp","href":"https:\/\/api.w.org\/{rel}","templated":true}]}}