{"id":59650,"date":"2018-08-03T12:00:25","date_gmt":"2018-08-03T15:00:25","guid":{"rendered":"http:\/\/caririemacao.com\/1\/?p=59650"},"modified":"2018-08-03T12:00:25","modified_gmt":"2018-08-03T15:00:25","slug":"aneel-diz-que-aumento-da-conta-de-energia-na-paraiba-entra-em-vigor-no-dia-28","status":"publish","type":"post","link":"https:\/\/www.caririemacao.com\/1\/2018\/08\/03\/aneel-diz-que-aumento-da-conta-de-energia-na-paraiba-entra-em-vigor-no-dia-28\/","title":{"rendered":"Aneel diz que aumento da conta de energia na Para\u00edba entra em vigor no dia 28"},"content":{"rendered":"<p>O reajuste tarif\u00e1rio anual nas contas de energia el\u00e9trica da Para\u00edba entrar\u00e1 em vigor no dia 28 de agosto. O aumento ser\u00e1 aprovado em reuni\u00e3o da diretoria da Ag\u00eancia Nacional de Energia El\u00e9trica (Aneel), \u00e0s 9h do dia 21 deste m\u00eas, uma semana antes.<\/p>\n<p>Segundo as assessorias da Aneel e da Energisa Para\u00edba, n\u00e3o h\u00e1 previs\u00e3o de porcentagem a ser aprovada para o aumento nos valores das contas de energia el\u00e9trica. Contudo, tomando como base o reajuste de 2017, houve uma alta de 14,07% nas contas.<\/p>\n<p>Vale lembrar que nacionalmente os consumidores est\u00e3o com suas contas na bandeira vermelha patamar 2 pelo terceiro m\u00eas seguido, agora em agosto. Isso deixa o valor mais alto em R$ 5 a cada 100 kW\/h. O motivo, segundo a Aneel, \u00e9 o baixo n\u00edvel dos reservat\u00f3rios de \u00e1gua das hidrel\u00e9tricas.<\/p>\n<p style=\"text-align: right;\">Com PB Hoje\/Foto:Reprodu\u00e7\u00e3o internet<\/p>\n","protected":false},"excerpt":{"rendered":"<p>O reajuste tarif\u00e1rio anual nas contas de energia el\u00e9trica da Para\u00edba entrar\u00e1 em vigor no dia 28 de agosto. O aumento ser\u00e1 aprovado em reuni\u00e3o&hellip; <\/p>\n","protected":false},"author":2,"featured_media":38615,"comment_status":"closed","ping_status":"closed","sticky":false,"template":"","format":"standard","meta":{"sfsi_plus_gutenberg_text_before_share":"","sfsi_plus_gutenberg_show_text_before_share":"","sfsi_plus_gutenberg_icon_type":"","sfsi_plus_gutenberg_icon_alignemt":"","sfsi_plus_gutenburg_max_per_row":"","footnotes":""},"categories":[2],"tags":[],"class_list":["post-59650","post","type-post","status-publish","format-standard","has-post-thumbnail","hentry","category-geral"],"_links":{"self":[{"href":"https:\/\/www.caririemacao.com\/1\/wp-json\/wp\/v2\/posts\/59650","targetHints":{"allow":["GET"]}}],"collection":[{"href":"https:\/\/www.caririemacao.com\/1\/wp-json\/wp\/v2\/posts"}],"about":[{"href":"https:\/\/www.caririemacao.com\/1\/wp-json\/wp\/v2\/types\/post"}],"author":[{"embeddable":true,"href":"https:\/\/www.caririemacao.com\/1\/wp-json\/wp\/v2\/users\/2"}],"replies":[{"embeddable":true,"href":"https:\/\/www.caririemacao.com\/1\/wp-json\/wp\/v2\/comments?post=59650"}],"version-history":[{"count":1,"href":"https:\/\/www.caririemacao.com\/1\/wp-json\/wp\/v2\/posts\/59650\/revisions"}],"predecessor-version":[{"id":59651,"href":"https:\/\/www.caririemacao.com\/1\/wp-json\/wp\/v2\/posts\/59650\/revisions\/59651"}],"wp:featuredmedia":[{"embeddable":true,"href":"https:\/\/www.caririemacao.com\/1\/wp-json\/wp\/v2\/media\/38615"}],"wp:attachment":[{"href":"https:\/\/www.caririemacao.com\/1\/wp-json\/wp\/v2\/media?parent=59650"}],"wp:term":[{"taxonomy":"category","embeddable":true,"href":"https:\/\/www.caririemacao.com\/1\/wp-json\/wp\/v2\/categories?post=59650"},{"taxonomy":"post_tag","embeddable":true,"href":"https:\/\/www.caririemacao.com\/1\/wp-json\/wp\/v2\/tags?post=59650"}],"curies":[{"name":"wp","href":"https:\/\/api.w.org\/{rel}","templated":true}]}}