{"id":59652,"date":"2018-08-03T12:19:34","date_gmt":"2018-08-03T15:19:34","guid":{"rendered":"http:\/\/caririemacao.com\/1\/?p=59652"},"modified":"2018-08-03T12:19:34","modified_gmt":"2018-08-03T15:19:34","slug":"selecao-da-prefeitura-de-junco-do-serido-pb-inscreve-ate-esta-sexta","status":"publish","type":"post","link":"https:\/\/www.caririemacao.com\/1\/2018\/08\/03\/selecao-da-prefeitura-de-junco-do-serido-pb-inscreve-ate-esta-sexta\/","title":{"rendered":"Sele\u00e7\u00e3o da prefeitura de Junco do Serid\u00f3, PB, inscreve at\u00e9 esta sexta"},"content":{"rendered":"<div class=\"mc-column content-text active-extra-styles active-capital-letter\" data-block-type=\"unstyled\" data-block-weight=\"23\" data-block-id=\"1\">\n<p class=\"content-text__container theme-color-primary-first-letter\" data-track-category=\"Link no Texto\" data-track-links=\"\">Termina nesta sexta-feira (3) as inscri\u00e7\u00f5es na sele\u00e7\u00e3o da prefeitura de Junco do Serid\u00f3, que oferece cinco vagas em cargos de n\u00edvel superior.<\/p>\n<\/div>\n<div class=\"wall\">\n<div class=\"mc-column content-text active-extra-styles\" data-block-type=\"raw\" data-block-weight=\"9\" data-block-id=\"2\">\n<ul class=\"content-unordered-list\">\n<li><a href=\"http:\/\/juncodoserido.pb.gov.br\/images\/arquivos\/documentos\/1533048305.pdf\" target=\"_blank\" rel=\"noopener\">Veja o edital da sele\u00e7\u00e3o de Junco do Serid\u00f3.<\/a><\/li>\n<\/ul>\n<\/div>\n<div class=\"mc-column content-text active-extra-styles \" data-block-type=\"unstyled\" data-block-weight=\"27\" data-block-id=\"3\">\n<p class=\"content-text__container \" data-track-category=\"Link no Texto\" data-track-links=\"\">As vagas s\u00e3o para os cargos de assistente social, psic\u00f3logo e pedagogo, com remunera\u00e7\u00e3o de R$ 1.125 mais gratifica\u00e7\u00e3o, em uma carga hor\u00e1ria de 30 horas semanais.<\/p>\n<\/div>\n<div class=\"mc-column content-text active-extra-styles \" data-block-type=\"unstyled\" data-block-weight=\"36\" data-block-id=\"4\">\n<p class=\"content-text__container \" data-track-category=\"Link no Texto\" data-track-links=\"\">As inscri\u00e7\u00f5es devem ser feitas presencialmente, na Secretaria Municipal de Assist\u00eancia Social de Junco de Serid\u00f3, localizada \u00e0 Avenida Baldu\u00edno Guedes, 855, Centro. A sele\u00e7\u00e3o vai ser feita por meio de an\u00e1lise de curr\u00edculos e entrevista.<\/p>\n<\/div>\n<\/div>\n<div data-track-category=\"fim do conteudo\" data-track-action=\"ultimo chunk conteudo\" data-track-noninteraction=\"false\" data-track-scroll=\"entrada completa viewport\">\n<div class=\"mc-column content-text active-extra-styles \" data-block-type=\"unstyled\" data-block-weight=\"17\" data-block-id=\"5\">\n<p class=\"content-text__container \" data-track-category=\"Link no Texto\" data-track-links=\"\">A validade da sele\u00e7\u00e3o e dos contratos \u00e9 de um ano, podendo ser prorrogado por igual per\u00edodo.<\/p>\n<p style=\"text-align: right;\" data-track-category=\"Link no Texto\" data-track-links=\"\">Com G1-PB\/Foto: Reprodu\u00e7\u00e3o da internet<\/p>\n<\/div>\n<\/div>\n","protected":false},"excerpt":{"rendered":"<p>Termina nesta sexta-feira (3) as inscri\u00e7\u00f5es na sele\u00e7\u00e3o da prefeitura de Junco do Serid\u00f3, que oferece cinco vagas em cargos de n\u00edvel superior. Veja o&hellip; <\/p>\n","protected":false},"author":2,"featured_media":59660,"comment_status":"closed","ping_status":"closed","sticky":false,"template":"","format":"standard","meta":{"sfsi_plus_gutenberg_text_before_share":"","sfsi_plus_gutenberg_show_text_before_share":"","sfsi_plus_gutenberg_icon_type":"","sfsi_plus_gutenberg_icon_alignemt":"","sfsi_plus_gutenburg_max_per_row":"","footnotes":""},"categories":[6],"tags":[],"class_list":["post-59652","post","type-post","status-publish","format-standard","has-post-thumbnail","hentry","category-cidades"],"_links":{"self":[{"href":"https:\/\/www.caririemacao.com\/1\/wp-json\/wp\/v2\/posts\/59652","targetHints":{"allow":["GET"]}}],"collection":[{"href":"https:\/\/www.caririemacao.com\/1\/wp-json\/wp\/v2\/posts"}],"about":[{"href":"https:\/\/www.caririemacao.com\/1\/wp-json\/wp\/v2\/types\/post"}],"author":[{"embeddable":true,"href":"https:\/\/www.caririemacao.com\/1\/wp-json\/wp\/v2\/users\/2"}],"replies":[{"embeddable":true,"href":"https:\/\/www.caririemacao.com\/1\/wp-json\/wp\/v2\/comments?post=59652"}],"version-history":[{"count":1,"href":"https:\/\/www.caririemacao.com\/1\/wp-json\/wp\/v2\/posts\/59652\/revisions"}],"predecessor-version":[{"id":59661,"href":"https:\/\/www.caririemacao.com\/1\/wp-json\/wp\/v2\/posts\/59652\/revisions\/59661"}],"wp:featuredmedia":[{"embeddable":true,"href":"https:\/\/www.caririemacao.com\/1\/wp-json\/wp\/v2\/media\/59660"}],"wp:attachment":[{"href":"https:\/\/www.caririemacao.com\/1\/wp-json\/wp\/v2\/media?parent=59652"}],"wp:term":[{"taxonomy":"category","embeddable":true,"href":"https:\/\/www.caririemacao.com\/1\/wp-json\/wp\/v2\/categories?post=59652"},{"taxonomy":"post_tag","embeddable":true,"href":"https:\/\/www.caririemacao.com\/1\/wp-json\/wp\/v2\/tags?post=59652"}],"curies":[{"name":"wp","href":"https:\/\/api.w.org\/{rel}","templated":true}]}}