{"id":59656,"date":"2018-08-03T12:15:57","date_gmt":"2018-08-03T15:15:57","guid":{"rendered":"http:\/\/caririemacao.com\/1\/?p=59656"},"modified":"2018-08-03T12:15:57","modified_gmt":"2018-08-03T15:15:57","slug":"nesta-sexta-feira-03-a-prefeitura-de-sao-sebastiao-do-umbuzeiro-realiza-1o-forum-comunitario-do-selo-unicef","status":"publish","type":"post","link":"https:\/\/www.caririemacao.com\/1\/2018\/08\/03\/nesta-sexta-feira-03-a-prefeitura-de-sao-sebastiao-do-umbuzeiro-realiza-1o-forum-comunitario-do-selo-unicef\/","title":{"rendered":"Nesta sexta-feira 03, a prefeitura de S\u00e3o Sebasti\u00e3o do Umbuzeiro realiza 1\u00ba F\u00f3rum Comunit\u00e1rio do Selo Unicef"},"content":{"rendered":"<p>A prefeitura de S\u00e3o Sebasti\u00e3o do Umbuzeiro ir\u00e1 realizar, nesta sexta-feira (03), \u00e1s 19h00 na Quadra Municipal Professor Luciano Neves, o 1\u00ba F\u00f3rum Comunit\u00e1rio do Selo Fundo das Na\u00e7\u00f5es Unidas para Inf\u00e2ncia (Unicef).<\/p>\n<p>O evento ser\u00e1 organizado pela Equipe NUCA (N\u00facleo da Crian\u00e7a e Adolescente) e a Secretaria de Assist\u00eancia Social e do Desenvolvimento Humano do Munic\u00edpio.<\/p>\n<div class=\"text_exposed_show\">\n<p>Ir\u00e3o Participar deste F\u00f3rum jovem, estudantes, representantes da sociedade civil, do poder executivo e legislativo do munic\u00edpio de S\u00e3o Sebasti\u00e3o do Umbuzeiro.<\/p>\n<\/div>\n<p>&nbsp;<\/p>\n<p>Fonte: Ascom\/Foto: Ascom<\/p>\n<p>Leia mais not\u00edcias em\u00a0<a href=\"http:\/\/www.caririemacao.com\/\">caririemacao.com<\/a>, siga nossa p\u00e1gina no\u00a0<a href=\"https:\/\/www.facebook.com\/CaririEmAcao\/?ref=aymt_homepage_panel\">Facebook<\/a>,\u00a0<a href=\"https:\/\/www.instagram.com\/cariri_em_acao\/?hl=pt-br\">Instagram<\/a>\u00a0e\u00a0<a href=\"https:\/\/www.youtube.com\/channel\/UCAptA0jQuYQy8vMhLt2m4qg\">Youtube<\/a>\u00a0e veja nossas mat\u00e9rias, v\u00eddeos e fotos. Voc\u00ea tamb\u00e9m pode enviar informa\u00e7\u00f5es \u00e0 Reda\u00e7\u00e3o do Portal Cariri em A\u00e7\u00e3o pelo WhatsApp (83) 9 9634.5791, (83) 9 9601-1162.<\/p>\n","protected":false},"excerpt":{"rendered":"<p>A prefeitura de S\u00e3o Sebasti\u00e3o do Umbuzeiro ir\u00e1 realizar, nesta sexta-feira (03), \u00e1s 19h00 na Quadra Municipal Professor Luciano Neves, o 1\u00ba F\u00f3rum Comunit\u00e1rio do&hellip; <\/p>\n","protected":false},"author":1,"featured_media":59657,"comment_status":"closed","ping_status":"closed","sticky":false,"template":"","format":"standard","meta":{"sfsi_plus_gutenberg_text_before_share":"","sfsi_plus_gutenberg_show_text_before_share":"","sfsi_plus_gutenberg_icon_type":"","sfsi_plus_gutenberg_icon_alignemt":"","sfsi_plus_gutenburg_max_per_row":"","footnotes":""},"categories":[2],"tags":[],"class_list":["post-59656","post","type-post","status-publish","format-standard","has-post-thumbnail","hentry","category-geral"],"_links":{"self":[{"href":"https:\/\/www.caririemacao.com\/1\/wp-json\/wp\/v2\/posts\/59656","targetHints":{"allow":["GET"]}}],"collection":[{"href":"https:\/\/www.caririemacao.com\/1\/wp-json\/wp\/v2\/posts"}],"about":[{"href":"https:\/\/www.caririemacao.com\/1\/wp-json\/wp\/v2\/types\/post"}],"author":[{"embeddable":true,"href":"https:\/\/www.caririemacao.com\/1\/wp-json\/wp\/v2\/users\/1"}],"replies":[{"embeddable":true,"href":"https:\/\/www.caririemacao.com\/1\/wp-json\/wp\/v2\/comments?post=59656"}],"version-history":[{"count":1,"href":"https:\/\/www.caririemacao.com\/1\/wp-json\/wp\/v2\/posts\/59656\/revisions"}],"predecessor-version":[{"id":59658,"href":"https:\/\/www.caririemacao.com\/1\/wp-json\/wp\/v2\/posts\/59656\/revisions\/59658"}],"wp:featuredmedia":[{"embeddable":true,"href":"https:\/\/www.caririemacao.com\/1\/wp-json\/wp\/v2\/media\/59657"}],"wp:attachment":[{"href":"https:\/\/www.caririemacao.com\/1\/wp-json\/wp\/v2\/media?parent=59656"}],"wp:term":[{"taxonomy":"category","embeddable":true,"href":"https:\/\/www.caririemacao.com\/1\/wp-json\/wp\/v2\/categories?post=59656"},{"taxonomy":"post_tag","embeddable":true,"href":"https:\/\/www.caririemacao.com\/1\/wp-json\/wp\/v2\/tags?post=59656"}],"curies":[{"name":"wp","href":"https:\/\/api.w.org\/{rel}","templated":true}]}}