{"id":59663,"date":"2018-08-03T12:22:07","date_gmt":"2018-08-03T15:22:07","guid":{"rendered":"http:\/\/caririemacao.com\/1\/?p=59663"},"modified":"2018-08-03T12:22:07","modified_gmt":"2018-08-03T15:22:07","slug":"alckmin-diz-que-se-eleito-avaliara-extincao-do-ministerio-do-trabalho","status":"publish","type":"post","link":"https:\/\/www.caririemacao.com\/1\/2018\/08\/03\/alckmin-diz-que-se-eleito-avaliara-extincao-do-ministerio-do-trabalho\/","title":{"rendered":"Alckmin diz que, se eleito, avaliar\u00e1 extin\u00e7\u00e3o do Minist\u00e9rio do Trabalho"},"content":{"rendered":"<p>O pr\u00e9-candidato do PSDB \u00e0 Presid\u00eancia da Rep\u00fablica, Geraldo Alckmin, afirmou nesta quinta-feira (2) que avalia a extin\u00e7\u00e3o do Minist\u00e9rio do Trabalho caso seja eleito.<\/p>\n<p>A declara\u00e7\u00e3o foi dada durante entrevista \u00e0 GloboNews, que, nesta semana, entrevista postulantes ao Pal\u00e1cio do Planalto nas Elei\u00e7\u00f5es 2018.<\/p>\n<p>Alckmin defendeu a nova lei trabalhista e n\u00e3o detalhou se algum \u00f3rg\u00e3o herdar\u00e1 as atividades da pasta. Segundo o site oficial do governo, cabe ao minist\u00e9rio, por exemplo, definir e gerir as pol\u00edticas de gera\u00e7\u00e3o de emprego e de moderniza\u00e7\u00e3o das rela\u00e7\u00f5es de trabalho, al\u00e9m da fiscaliza\u00e7\u00e3o e da pol\u00edtica salarial.<\/p>\n<p>&#8220;Imposto sindical \u00e9 absurdo. [&#8230;] O Brasil tem 17 mil sindicatos, [dos quais] 11,5 mil sindicatos de trabalhadores e 5,7 mil sindicatos patronais. [O imposto sindical] n\u00e3o voltar\u00e1, n\u00f3s somos contra&#8221;, afirmou o candidato.<\/p>\n<p>&#8220;A\u00ed que foi que eu entrei em extinguir o Minist\u00e9rio do Trabalho, que \u00e9 uma ideia que n\u00f3s estamos amadurecendo. Um governo deve sair o m\u00e1ximo que ele puder. Esse \u00e9 um assunto dos trabalhadores [a manuten\u00e7\u00e3o dos sindicatos]. Como fazerem o seu sindicato, a sua representa\u00e7\u00e3o poder ter meios de subsist\u00eancia? \u00c9 um assunto deles, dos trabalhadores, eles que v\u00e3o decidir&#8221;, completou.<\/p>\n<p>Antes da nova lei trabalhista, que entrou em vigor no ano passado, o imposto sindical era obrigat\u00f3rio.<\/p>\n<p>Mas, com a reforma aprovada pelo Congresso Nacional em 2017, essa regra caiu. Em junho deste ano, o Supremo Tribunal Federal (STF) analisou o tema e rejeitou a volta da obrigatoriedade.<\/p>\n<p>Ana Am\u00e9lia como vice<br \/>\nDurante a entrevista \u00e0 GloboNews, Alckmin foi questionado sobre a escolha da senadora Ana Am\u00e9lia (PP-RS) como candidata a vice na chapa dele. O pr\u00e9-candidato respondeu que a parlamentar \u00e9 &#8220;extremamente s\u00e9ria, competente e dedicada&#8221;.<\/p>\n<p style=\"text-align: left;\">Embora Ana Am\u00e9lia tenha aceitado o convite de Alckmin, o colunista do G1 e da GloboNews Gerson Camarotti informou que o an\u00fancio oficial s\u00f3 ser\u00e1 feito ap\u00f3s ela resolver a situa\u00e7\u00e3o regional do PP no Rio Grande do Sul.<\/p>\n<p>Isso porque o diret\u00f3rio estadual do partido decidiu apoiar a candidatura de Jair Bolsonaro (PSL) \u00e0 Presid\u00eancia.<\/p>\n<p>&#8220;Est\u00e1 decidido. Os cinco partidos do centro democr\u00e1tico, DEM, PP, PR, Solidariedade e PRB, delegaram a n\u00f3s a escolha. Ent\u00e3o, me permitiu essa escolha e n\u00f3s estamos extremamente otimistas&#8221;, afirmou Alckmin.<\/p>\n<p style=\"text-align: right;\">\nCom G1\/Foto: Reprodu\u00e7\u00e3o Internet<\/p>\n","protected":false},"excerpt":{"rendered":"<p>O pr\u00e9-candidato do PSDB \u00e0 Presid\u00eancia da Rep\u00fablica, Geraldo Alckmin, afirmou nesta quinta-feira (2) que avalia a extin\u00e7\u00e3o do Minist\u00e9rio do Trabalho caso seja eleito.&hellip; <\/p>\n","protected":false},"author":2,"featured_media":57946,"comment_status":"closed","ping_status":"closed","sticky":false,"template":"","format":"standard","meta":{"sfsi_plus_gutenberg_text_before_share":"","sfsi_plus_gutenberg_show_text_before_share":"","sfsi_plus_gutenberg_icon_type":"","sfsi_plus_gutenberg_icon_alignemt":"","sfsi_plus_gutenburg_max_per_row":"","footnotes":""},"categories":[11],"tags":[],"class_list":["post-59663","post","type-post","status-publish","format-standard","has-post-thumbnail","hentry","category-politica"],"_links":{"self":[{"href":"https:\/\/www.caririemacao.com\/1\/wp-json\/wp\/v2\/posts\/59663","targetHints":{"allow":["GET"]}}],"collection":[{"href":"https:\/\/www.caririemacao.com\/1\/wp-json\/wp\/v2\/posts"}],"about":[{"href":"https:\/\/www.caririemacao.com\/1\/wp-json\/wp\/v2\/types\/post"}],"author":[{"embeddable":true,"href":"https:\/\/www.caririemacao.com\/1\/wp-json\/wp\/v2\/users\/2"}],"replies":[{"embeddable":true,"href":"https:\/\/www.caririemacao.com\/1\/wp-json\/wp\/v2\/comments?post=59663"}],"version-history":[{"count":1,"href":"https:\/\/www.caririemacao.com\/1\/wp-json\/wp\/v2\/posts\/59663\/revisions"}],"predecessor-version":[{"id":59666,"href":"https:\/\/www.caririemacao.com\/1\/wp-json\/wp\/v2\/posts\/59663\/revisions\/59666"}],"wp:featuredmedia":[{"embeddable":true,"href":"https:\/\/www.caririemacao.com\/1\/wp-json\/wp\/v2\/media\/57946"}],"wp:attachment":[{"href":"https:\/\/www.caririemacao.com\/1\/wp-json\/wp\/v2\/media?parent=59663"}],"wp:term":[{"taxonomy":"category","embeddable":true,"href":"https:\/\/www.caririemacao.com\/1\/wp-json\/wp\/v2\/categories?post=59663"},{"taxonomy":"post_tag","embeddable":true,"href":"https:\/\/www.caririemacao.com\/1\/wp-json\/wp\/v2\/tags?post=59663"}],"curies":[{"name":"wp","href":"https:\/\/api.w.org\/{rel}","templated":true}]}}