{"id":59676,"date":"2018-08-03T12:53:11","date_gmt":"2018-08-03T15:53:11","guid":{"rendered":"http:\/\/caririemacao.com\/1\/?p=59676"},"modified":"2018-08-03T12:53:11","modified_gmt":"2018-08-03T15:53:11","slug":"ex-governador-sera-candidato-a-senador-na-chapa-de-maranhao-diz-wellington-roberto","status":"publish","type":"post","link":"https:\/\/www.caririemacao.com\/1\/2018\/08\/03\/ex-governador-sera-candidato-a-senador-na-chapa-de-maranhao-diz-wellington-roberto\/","title":{"rendered":"Ex-governador ser\u00e1 candidato a senador na chapa de Maranh\u00e3o, diz Wellington Roberto"},"content":{"rendered":"<div class=\"titulo\">\n<p>O deputado federal Wellington Roberto (PR) afirmou que esteve em reuni\u00e3o com integrantes do MDB e citou que ficou definido quem vai figurar na chapa do pr\u00e9-candidato a governador pelo MDB, Jos\u00e9 Maranh\u00e3o, como candidato a senador ao lado de Bruno Roberto (PR).<\/p>\n<\/div>\n<div class=\"content\">\n<p>Wellington citou que a chapa poder\u00e1 contar com partidos importantes, como o PDT e o PSC.<\/p>\n<p>\u2013 Ficou definido que Roberto Paulino vai disputar uma vaga ao Senado Federal no corrente ano. Acredito que em outubro o povo vai reconhecer que quem tem a identidade da Para\u00edba \u00e9 Jos\u00e9 Maranh\u00e3o \u2013 disse.<\/p>\n<p style=\"text-align: right;\">\u00a0Para\u00edba Online\/Foto: Internet<\/p>\n<\/div>\n","protected":false},"excerpt":{"rendered":"<p>O deputado federal Wellington Roberto (PR) afirmou que esteve em reuni\u00e3o com integrantes do MDB e citou que ficou definido quem vai figurar na chapa&hellip; <\/p>\n","protected":false},"author":2,"featured_media":59677,"comment_status":"closed","ping_status":"closed","sticky":false,"template":"","format":"standard","meta":{"sfsi_plus_gutenberg_text_before_share":"","sfsi_plus_gutenberg_show_text_before_share":"","sfsi_plus_gutenberg_icon_type":"","sfsi_plus_gutenberg_icon_alignemt":"","sfsi_plus_gutenburg_max_per_row":"","footnotes":""},"categories":[1],"tags":[],"class_list":["post-59676","post","type-post","status-publish","format-standard","has-post-thumbnail","hentry","category-o-site"],"_links":{"self":[{"href":"https:\/\/www.caririemacao.com\/1\/wp-json\/wp\/v2\/posts\/59676","targetHints":{"allow":["GET"]}}],"collection":[{"href":"https:\/\/www.caririemacao.com\/1\/wp-json\/wp\/v2\/posts"}],"about":[{"href":"https:\/\/www.caririemacao.com\/1\/wp-json\/wp\/v2\/types\/post"}],"author":[{"embeddable":true,"href":"https:\/\/www.caririemacao.com\/1\/wp-json\/wp\/v2\/users\/2"}],"replies":[{"embeddable":true,"href":"https:\/\/www.caririemacao.com\/1\/wp-json\/wp\/v2\/comments?post=59676"}],"version-history":[{"count":1,"href":"https:\/\/www.caririemacao.com\/1\/wp-json\/wp\/v2\/posts\/59676\/revisions"}],"predecessor-version":[{"id":59678,"href":"https:\/\/www.caririemacao.com\/1\/wp-json\/wp\/v2\/posts\/59676\/revisions\/59678"}],"wp:featuredmedia":[{"embeddable":true,"href":"https:\/\/www.caririemacao.com\/1\/wp-json\/wp\/v2\/media\/59677"}],"wp:attachment":[{"href":"https:\/\/www.caririemacao.com\/1\/wp-json\/wp\/v2\/media?parent=59676"}],"wp:term":[{"taxonomy":"category","embeddable":true,"href":"https:\/\/www.caririemacao.com\/1\/wp-json\/wp\/v2\/categories?post=59676"},{"taxonomy":"post_tag","embeddable":true,"href":"https:\/\/www.caririemacao.com\/1\/wp-json\/wp\/v2\/tags?post=59676"}],"curies":[{"name":"wp","href":"https:\/\/api.w.org\/{rel}","templated":true}]}}