{"id":59679,"date":"2018-08-03T13:05:53","date_gmt":"2018-08-03T16:05:53","guid":{"rendered":"http:\/\/caririemacao.com\/1\/?p=59679"},"modified":"2018-08-03T16:38:16","modified_gmt":"2018-08-03T19:38:16","slug":"prefeito-jefferson-se-reune-com-comissao-tecnica-do-festival-do-mel","status":"publish","type":"post","link":"https:\/\/www.caririemacao.com\/1\/2018\/08\/03\/prefeito-jefferson-se-reune-com-comissao-tecnica-do-festival-do-mel\/","title":{"rendered":"Prefeito Jefferson se re\u00fane com comiss\u00e3o t\u00e9cnica do Festival do Mel"},"content":{"rendered":"<p>O prefeito de S\u00e3o Jos\u00e9 dos Cordeiros, Jefferson Roberto, esteve participando nesta sexta-feira, dia 03, de reuni\u00e3o com comiss\u00e3o t\u00e9cnica para realiza\u00e7\u00e3o da 10\u00b0 edi\u00e7\u00e3o do Festival do Mel.<\/p>\n<p>O evento que e promovido pela Prefeitura de S\u00e3o Jos\u00e9 dos Cordeiros ser\u00e1 realizada nos dias 21, 22 e 23 de setembro.<\/p>\n<p>Jefferson disse ao Cariri em A\u00e7\u00e3o que as reuni\u00f5es s\u00e3o frequentes com a equipe sempre buscando resolver as demandas apontadas pela organiza\u00e7\u00e3o.<\/p>\n<p>Ele acrescentou que este ano o festival deve superar as expectativas e movimentar toda a cidade em torno da programa\u00e7\u00e3o que \u00e9 uma refer\u00eancia no segmento da apicultura em todo Nordeste.<\/p>\n<p style=\"text-align: right;\"><strong><em>Reda\u00e7\u00e3o Cariri em A\u00e7\u00e3o\u00a0<\/em><\/strong><\/p>\n","protected":false},"excerpt":{"rendered":"<p>O prefeito de S\u00e3o Jos\u00e9 dos Cordeiros, Jefferson Roberto, esteve participando nesta sexta-feira, dia 03, de reuni\u00e3o com comiss\u00e3o t\u00e9cnica para realiza\u00e7\u00e3o da 10\u00b0 edi\u00e7\u00e3o&hellip; <\/p>\n","protected":false},"author":2,"featured_media":59680,"comment_status":"closed","ping_status":"closed","sticky":false,"template":"","format":"standard","meta":{"sfsi_plus_gutenberg_text_before_share":"","sfsi_plus_gutenberg_show_text_before_share":"","sfsi_plus_gutenberg_icon_type":"","sfsi_plus_gutenberg_icon_alignemt":"","sfsi_plus_gutenburg_max_per_row":"","footnotes":""},"categories":[6],"tags":[],"class_list":["post-59679","post","type-post","status-publish","format-standard","has-post-thumbnail","hentry","category-cidades"],"_links":{"self":[{"href":"https:\/\/www.caririemacao.com\/1\/wp-json\/wp\/v2\/posts\/59679","targetHints":{"allow":["GET"]}}],"collection":[{"href":"https:\/\/www.caririemacao.com\/1\/wp-json\/wp\/v2\/posts"}],"about":[{"href":"https:\/\/www.caririemacao.com\/1\/wp-json\/wp\/v2\/types\/post"}],"author":[{"embeddable":true,"href":"https:\/\/www.caririemacao.com\/1\/wp-json\/wp\/v2\/users\/2"}],"replies":[{"embeddable":true,"href":"https:\/\/www.caririemacao.com\/1\/wp-json\/wp\/v2\/comments?post=59679"}],"version-history":[{"count":2,"href":"https:\/\/www.caririemacao.com\/1\/wp-json\/wp\/v2\/posts\/59679\/revisions"}],"predecessor-version":[{"id":59693,"href":"https:\/\/www.caririemacao.com\/1\/wp-json\/wp\/v2\/posts\/59679\/revisions\/59693"}],"wp:featuredmedia":[{"embeddable":true,"href":"https:\/\/www.caririemacao.com\/1\/wp-json\/wp\/v2\/media\/59680"}],"wp:attachment":[{"href":"https:\/\/www.caririemacao.com\/1\/wp-json\/wp\/v2\/media?parent=59679"}],"wp:term":[{"taxonomy":"category","embeddable":true,"href":"https:\/\/www.caririemacao.com\/1\/wp-json\/wp\/v2\/categories?post=59679"},{"taxonomy":"post_tag","embeddable":true,"href":"https:\/\/www.caririemacao.com\/1\/wp-json\/wp\/v2\/tags?post=59679"}],"curies":[{"name":"wp","href":"https:\/\/api.w.org\/{rel}","templated":true}]}}