{"id":59691,"date":"2018-08-03T16:28:33","date_gmt":"2018-08-03T19:28:33","guid":{"rendered":"http:\/\/caririemacao.com\/1\/?p=59691"},"modified":"2018-08-03T16:35:17","modified_gmt":"2018-08-03T19:35:17","slug":"gurjao-camara-de-vereadores-volta-do-recesso-na-noite-desta-sexta-feira","status":"publish","type":"post","link":"https:\/\/www.caririemacao.com\/1\/2018\/08\/03\/gurjao-camara-de-vereadores-volta-do-recesso-na-noite-desta-sexta-feira\/","title":{"rendered":"GURJ\u00c3O: C\u00e2mara de Vereadores volta do recesso na noite desta sexta-feira"},"content":{"rendered":"<p>A C\u00e2mara Municipal de Gurj\u00e3o realiza na noite desta sexta-feira (03\/08) a primeira sess\u00e3o ordin\u00e1ria do segundo per\u00edodo ordin\u00e1ria do ano 2018. A reuni\u00e3o marca o reinicio dos trabalhos legislativos.<\/p>\n<p>O presidente da C\u00e2mara Municipal, vereador Adailson Queiroz, convida a toda popula\u00e7\u00e3o gurjaense a participa a primeira sess\u00e3o ordin\u00e1ria que ocorrer\u00e1 no sal\u00e3o nobre da C\u00e2mara Municipal e est\u00e1 prevista para come\u00e7ar \u00e0s 19hs.<\/p>\n<p style=\"text-align: right;\"><em><strong>Reda\u00e7\u00e3o Cariri em A\u00e7\u00e3o\u00a0<\/strong><\/em><\/p>\n","protected":false},"excerpt":{"rendered":"<p>A C\u00e2mara Municipal de Gurj\u00e3o realiza na noite desta sexta-feira (03\/08) a primeira sess\u00e3o ordin\u00e1ria do segundo per\u00edodo ordin\u00e1ria do ano 2018. A reuni\u00e3o marca&hellip; <\/p>\n","protected":false},"author":2,"featured_media":25292,"comment_status":"closed","ping_status":"closed","sticky":false,"template":"","format":"standard","meta":{"sfsi_plus_gutenberg_text_before_share":"","sfsi_plus_gutenberg_show_text_before_share":"","sfsi_plus_gutenberg_icon_type":"","sfsi_plus_gutenberg_icon_alignemt":"","sfsi_plus_gutenburg_max_per_row":"","footnotes":""},"categories":[6],"tags":[],"class_list":["post-59691","post","type-post","status-publish","format-standard","has-post-thumbnail","hentry","category-cidades"],"_links":{"self":[{"href":"https:\/\/www.caririemacao.com\/1\/wp-json\/wp\/v2\/posts\/59691","targetHints":{"allow":["GET"]}}],"collection":[{"href":"https:\/\/www.caririemacao.com\/1\/wp-json\/wp\/v2\/posts"}],"about":[{"href":"https:\/\/www.caririemacao.com\/1\/wp-json\/wp\/v2\/types\/post"}],"author":[{"embeddable":true,"href":"https:\/\/www.caririemacao.com\/1\/wp-json\/wp\/v2\/users\/2"}],"replies":[{"embeddable":true,"href":"https:\/\/www.caririemacao.com\/1\/wp-json\/wp\/v2\/comments?post=59691"}],"version-history":[{"count":1,"href":"https:\/\/www.caririemacao.com\/1\/wp-json\/wp\/v2\/posts\/59691\/revisions"}],"predecessor-version":[{"id":59692,"href":"https:\/\/www.caririemacao.com\/1\/wp-json\/wp\/v2\/posts\/59691\/revisions\/59692"}],"wp:featuredmedia":[{"embeddable":true,"href":"https:\/\/www.caririemacao.com\/1\/wp-json\/wp\/v2\/media\/25292"}],"wp:attachment":[{"href":"https:\/\/www.caririemacao.com\/1\/wp-json\/wp\/v2\/media?parent=59691"}],"wp:term":[{"taxonomy":"category","embeddable":true,"href":"https:\/\/www.caririemacao.com\/1\/wp-json\/wp\/v2\/categories?post=59691"},{"taxonomy":"post_tag","embeddable":true,"href":"https:\/\/www.caririemacao.com\/1\/wp-json\/wp\/v2\/tags?post=59691"}],"curies":[{"name":"wp","href":"https:\/\/api.w.org\/{rel}","templated":true}]}}