{"id":59695,"date":"2018-08-03T16:42:41","date_gmt":"2018-08-03T19:42:41","guid":{"rendered":"http:\/\/caririemacao.com\/1\/?p=59695"},"modified":"2018-08-03T16:42:41","modified_gmt":"2018-08-03T19:42:41","slug":"camara-de-sao-joao-do-cariri-realiza-sessao-itinerante","status":"publish","type":"post","link":"https:\/\/www.caririemacao.com\/1\/2018\/08\/03\/camara-de-sao-joao-do-cariri-realiza-sessao-itinerante\/","title":{"rendered":"C\u00e2mara de S\u00e3o Jo\u00e3o do Cariri realiza sess\u00e3o itinerante"},"content":{"rendered":"<p>A C\u00e2mara Municipal de S\u00e3o Jo\u00e3o do Cariri realiza na noite desta sexta-feira (03) a primeira sess\u00e3o itinerante de 2018. A reuni\u00e3o acontece na Escola da comunidade de Po\u00e7o das Pedras, a partir das 19h.<\/p>\n<p>A reuni\u00e3o contar\u00e1 com a participa\u00e7\u00e3o de todos os vereadores e deve reunir moradores da comunidade de Po\u00e7o das Pedras e localidades adjacentes.<\/p>\n<p>O presidente H\u00e9lio Morais convida toda comunidade a participar.<\/p>\n<p>\u201c\u00c9 um momento importante parta todos, uma vez que todo o Parlamento estar\u00e1 presente e vai conhecer as necessidades desse povo,\u201d disse o presidente H\u00e9lio Morais.<\/p>\n<p style=\"text-align: right;\"><strong><em>Reda\u00e7\u00e3o Cariri em A\u00e7\u00e3o\u00a0<\/em><\/strong><\/p>\n","protected":false},"excerpt":{"rendered":"<p>A C\u00e2mara Municipal de S\u00e3o Jo\u00e3o do Cariri realiza na noite desta sexta-feira (03) a primeira sess\u00e3o itinerante de 2018. A reuni\u00e3o acontece na Escola&hellip; <\/p>\n","protected":false},"author":2,"featured_media":20257,"comment_status":"closed","ping_status":"closed","sticky":false,"template":"","format":"standard","meta":{"sfsi_plus_gutenberg_text_before_share":"","sfsi_plus_gutenberg_show_text_before_share":"","sfsi_plus_gutenberg_icon_type":"","sfsi_plus_gutenberg_icon_alignemt":"","sfsi_plus_gutenburg_max_per_row":"","footnotes":""},"categories":[2],"tags":[],"class_list":["post-59695","post","type-post","status-publish","format-standard","has-post-thumbnail","hentry","category-geral"],"_links":{"self":[{"href":"https:\/\/www.caririemacao.com\/1\/wp-json\/wp\/v2\/posts\/59695","targetHints":{"allow":["GET"]}}],"collection":[{"href":"https:\/\/www.caririemacao.com\/1\/wp-json\/wp\/v2\/posts"}],"about":[{"href":"https:\/\/www.caririemacao.com\/1\/wp-json\/wp\/v2\/types\/post"}],"author":[{"embeddable":true,"href":"https:\/\/www.caririemacao.com\/1\/wp-json\/wp\/v2\/users\/2"}],"replies":[{"embeddable":true,"href":"https:\/\/www.caririemacao.com\/1\/wp-json\/wp\/v2\/comments?post=59695"}],"version-history":[{"count":1,"href":"https:\/\/www.caririemacao.com\/1\/wp-json\/wp\/v2\/posts\/59695\/revisions"}],"predecessor-version":[{"id":59696,"href":"https:\/\/www.caririemacao.com\/1\/wp-json\/wp\/v2\/posts\/59695\/revisions\/59696"}],"wp:featuredmedia":[{"embeddable":true,"href":"https:\/\/www.caririemacao.com\/1\/wp-json\/wp\/v2\/media\/20257"}],"wp:attachment":[{"href":"https:\/\/www.caririemacao.com\/1\/wp-json\/wp\/v2\/media?parent=59695"}],"wp:term":[{"taxonomy":"category","embeddable":true,"href":"https:\/\/www.caririemacao.com\/1\/wp-json\/wp\/v2\/categories?post=59695"},{"taxonomy":"post_tag","embeddable":true,"href":"https:\/\/www.caririemacao.com\/1\/wp-json\/wp\/v2\/tags?post=59695"}],"curies":[{"name":"wp","href":"https:\/\/api.w.org\/{rel}","templated":true}]}}