{"id":59697,"date":"2018-08-03T16:45:05","date_gmt":"2018-08-03T19:45:05","guid":{"rendered":"http:\/\/caririemacao.com\/1\/?p=59697"},"modified":"2018-08-03T16:45:05","modified_gmt":"2018-08-03T19:45:05","slug":"senador-explica-nao-participacao-de-maisa-cartaxo-na-chapa-do-pv","status":"publish","type":"post","link":"https:\/\/www.caririemacao.com\/1\/2018\/08\/03\/senador-explica-nao-participacao-de-maisa-cartaxo-na-chapa-do-pv\/","title":{"rendered":"Senador explica n\u00e3o participa\u00e7\u00e3o de Ma\u00edsa Cartaxo na chapa do PV"},"content":{"rendered":"<p>O senador C\u00e1ssio Cunha Lima (PSDB) comentou sobre a chapa do pr\u00e9-candidato a governador pelo PV, Luc\u00e9lio Cartaxo, e convidou a popula\u00e7\u00e3o para comparecer \u00e0 homologa\u00e7\u00e3o que ser\u00e1 realizada no pr\u00f3ximo domingo, 5.<\/p>\n<p>Ele citou que basta apenas definir as supl\u00eancias e disse que a primeira-dama, Ma\u00edsa Cartaxo, optou por n\u00e3o participar da disputa, para que exista a amplia\u00e7\u00e3o da representa\u00e7\u00e3o de outras legendas na chapa.<\/p>\n<p>\u2013 Hoje \u00e9 a constru\u00e7\u00e3o dessa chapa que ser\u00e1 homologada domingo. Quero convidar a todos que possam comparecer para a homologa\u00e7\u00e3o da chapa, que ser\u00e1 uma alegria para todos n\u00f3s \u2013 disse.<\/p>\n<p style=\"text-align: right;\"><em><strong>Com Para\u00edba Online\/ Foto: reprodu\u00e7\u00e3o\u00a0<\/strong><\/em><\/p>\n","protected":false},"excerpt":{"rendered":"<p>O senador C\u00e1ssio Cunha Lima (PSDB) comentou sobre a chapa do pr\u00e9-candidato a governador pelo PV, Luc\u00e9lio Cartaxo, e convidou a popula\u00e7\u00e3o para comparecer \u00e0&hellip; <\/p>\n","protected":false},"author":2,"featured_media":59698,"comment_status":"closed","ping_status":"closed","sticky":false,"template":"","format":"standard","meta":{"sfsi_plus_gutenberg_text_before_share":"","sfsi_plus_gutenberg_show_text_before_share":"","sfsi_plus_gutenberg_icon_type":"","sfsi_plus_gutenberg_icon_alignemt":"","sfsi_plus_gutenburg_max_per_row":"","footnotes":""},"categories":[1],"tags":[],"class_list":["post-59697","post","type-post","status-publish","format-standard","has-post-thumbnail","hentry","category-o-site"],"_links":{"self":[{"href":"https:\/\/www.caririemacao.com\/1\/wp-json\/wp\/v2\/posts\/59697","targetHints":{"allow":["GET"]}}],"collection":[{"href":"https:\/\/www.caririemacao.com\/1\/wp-json\/wp\/v2\/posts"}],"about":[{"href":"https:\/\/www.caririemacao.com\/1\/wp-json\/wp\/v2\/types\/post"}],"author":[{"embeddable":true,"href":"https:\/\/www.caririemacao.com\/1\/wp-json\/wp\/v2\/users\/2"}],"replies":[{"embeddable":true,"href":"https:\/\/www.caririemacao.com\/1\/wp-json\/wp\/v2\/comments?post=59697"}],"version-history":[{"count":1,"href":"https:\/\/www.caririemacao.com\/1\/wp-json\/wp\/v2\/posts\/59697\/revisions"}],"predecessor-version":[{"id":59699,"href":"https:\/\/www.caririemacao.com\/1\/wp-json\/wp\/v2\/posts\/59697\/revisions\/59699"}],"wp:featuredmedia":[{"embeddable":true,"href":"https:\/\/www.caririemacao.com\/1\/wp-json\/wp\/v2\/media\/59698"}],"wp:attachment":[{"href":"https:\/\/www.caririemacao.com\/1\/wp-json\/wp\/v2\/media?parent=59697"}],"wp:term":[{"taxonomy":"category","embeddable":true,"href":"https:\/\/www.caririemacao.com\/1\/wp-json\/wp\/v2\/categories?post=59697"},{"taxonomy":"post_tag","embeddable":true,"href":"https:\/\/www.caririemacao.com\/1\/wp-json\/wp\/v2\/tags?post=59697"}],"curies":[{"name":"wp","href":"https:\/\/api.w.org\/{rel}","templated":true}]}}