{"id":59700,"date":"2018-08-03T16:49:04","date_gmt":"2018-08-03T19:49:04","guid":{"rendered":"http:\/\/caririemacao.com\/1\/?p=59700"},"modified":"2018-08-03T16:49:04","modified_gmt":"2018-08-03T19:49:04","slug":"em-reuniao-pt-da-pb-aprova-por-unanimidade-alianca-com-psb-e-couto-na-chapa-de-joao","status":"publish","type":"post","link":"https:\/\/www.caririemacao.com\/1\/2018\/08\/03\/em-reuniao-pt-da-pb-aprova-por-unanimidade-alianca-com-psb-e-couto-na-chapa-de-joao\/","title":{"rendered":"Em reuni\u00e3o, PT da PB aprova por unanimidade alian\u00e7a com PSB e Couto na chapa de Jo\u00e3o"},"content":{"rendered":"<p>O PT da Para\u00edba realizou seu Encontro de Defini\u00e7\u00e3o de T\u00e1tica Eleitoral, em que os delegados do partido acataram por unanimidade a escolha do deputado federal Luiz Couto para senador e a alian\u00e7a com o PSB na chapa majorit\u00e1ria das Elei\u00e7\u00f5es 2018.\u00a0 O evento ocorreu na noite dessa quinta-feira (2), no Sindicato dos Banc\u00e1rios, em Jo\u00e3o Pessoa.<\/p>\n<p>Tamb\u00e9m foram colocados os nomes que estar\u00e3o aptos a disputarem vagas para deputados estadual e federal pelo partido e lan\u00e7amento da pr\u00e9-candidatura de Lula para presidente. \u201cN\u00f3s temos v\u00e1rios pr\u00e9-candidatos a deputados estaduais, temos tamb\u00e9m v\u00e1rios para federais. Esses companheiros e companheiras est\u00e3o prontos para a batalha das elei\u00e7\u00f5es 2018. Ser\u00e3o fundamentais para a vit\u00f3ria de Lula, Jo\u00e3o, Luiz Couto e Veneziano.<\/p>\n<div dir=\"auto\">O deputado federal Luiz Couto, n\u00e3o esconde a alegria em ter sido escolhido pelo partido para disputar uma vaga ao Senado Federal. \u201cEstamos aqui definindo as candidaturas que v\u00e3o ser levadas para a nossa conven\u00e7\u00e3o, no dia cinco. \u00c9 muito importante que nos preparemos bem para a grande vit\u00f3ria. Estou muito contente com a legenda e juntos estaremos elegendo Lula presidente, Jo\u00e3o Az\u00eavedo governador, nossa bancada estadual, do senado e da C\u00e2mara federal\u201d, comemorou.<\/div>\n<div dir=\"auto\"><\/div>\n<div dir=\"auto\">Na ocasi\u00e3o, Jackson ressaltou a alian\u00e7a com o governador Ricardo Coutinho em torno da candidatura de Lula e Jo\u00e3o Az\u00eavedo. \u201c\u00c9 fundamental essa alian\u00e7a do PSB para gente, lutamos por isso desde o ano passado e agora, com a consolida\u00e7\u00e3o do PSB apoiando a candidatura do Lula, eu tenho certeza que o palanque est\u00e1 mais forte.\u00a0 O mais importante \u00e9 que o PT realmente mostra um vigor muito grande no encontro de hoje, com v\u00e1rios delegados, lideran\u00e7as do partido, o ponta p\u00e9 foi dado, \u00e9 hora de arrega\u00e7ar as mangas e irmos \u00e0s ruas\u201d.<\/div>\n<div dir=\"auto\"><\/div>\n<div dir=\"auto\">A executiva estadual do PT estar\u00e1 se reunindo, na noite de hoje (3), para discutir as delibera\u00e7\u00f5es do Encontro. No domingo (5), ser\u00e1 realizada a conven\u00e7\u00e3o partid\u00e1ria, em que ser\u00e3o definidos nomes para as Elei\u00e7\u00f5es 2018. \u201cAgora s\u00f3 falta fechar as chapas de estaduais e federais, essa delibera\u00e7\u00e3o foi pra executiva. Estaremos se reunindo nesta sexta-feira-feira e no domingo para fechar isso\u201d, acrescentou Jackson.<\/div>\n<div dir=\"auto\" style=\"text-align: right;\"><em><strong>Com\u00a0Para\u00edba J\u00e1\/ Foto: Reprodu\u00e7\u00e3o\u00a0<\/strong><\/em><\/div>\n","protected":false},"excerpt":{"rendered":"<p>O PT da Para\u00edba realizou seu Encontro de Defini\u00e7\u00e3o de T\u00e1tica Eleitoral, em que os delegados do partido acataram por unanimidade a escolha do deputado&hellip; <\/p>\n","protected":false},"author":2,"featured_media":59701,"comment_status":"closed","ping_status":"closed","sticky":false,"template":"","format":"standard","meta":{"sfsi_plus_gutenberg_text_before_share":"","sfsi_plus_gutenberg_show_text_before_share":"","sfsi_plus_gutenberg_icon_type":"","sfsi_plus_gutenberg_icon_alignemt":"","sfsi_plus_gutenburg_max_per_row":"","footnotes":""},"categories":[11],"tags":[],"class_list":["post-59700","post","type-post","status-publish","format-standard","has-post-thumbnail","hentry","category-politica"],"_links":{"self":[{"href":"https:\/\/www.caririemacao.com\/1\/wp-json\/wp\/v2\/posts\/59700","targetHints":{"allow":["GET"]}}],"collection":[{"href":"https:\/\/www.caririemacao.com\/1\/wp-json\/wp\/v2\/posts"}],"about":[{"href":"https:\/\/www.caririemacao.com\/1\/wp-json\/wp\/v2\/types\/post"}],"author":[{"embeddable":true,"href":"https:\/\/www.caririemacao.com\/1\/wp-json\/wp\/v2\/users\/2"}],"replies":[{"embeddable":true,"href":"https:\/\/www.caririemacao.com\/1\/wp-json\/wp\/v2\/comments?post=59700"}],"version-history":[{"count":1,"href":"https:\/\/www.caririemacao.com\/1\/wp-json\/wp\/v2\/posts\/59700\/revisions"}],"predecessor-version":[{"id":59702,"href":"https:\/\/www.caririemacao.com\/1\/wp-json\/wp\/v2\/posts\/59700\/revisions\/59702"}],"wp:featuredmedia":[{"embeddable":true,"href":"https:\/\/www.caririemacao.com\/1\/wp-json\/wp\/v2\/media\/59701"}],"wp:attachment":[{"href":"https:\/\/www.caririemacao.com\/1\/wp-json\/wp\/v2\/media?parent=59700"}],"wp:term":[{"taxonomy":"category","embeddable":true,"href":"https:\/\/www.caririemacao.com\/1\/wp-json\/wp\/v2\/categories?post=59700"},{"taxonomy":"post_tag","embeddable":true,"href":"https:\/\/www.caririemacao.com\/1\/wp-json\/wp\/v2\/tags?post=59700"}],"curies":[{"name":"wp","href":"https:\/\/api.w.org\/{rel}","templated":true}]}}