{"id":59707,"date":"2018-08-03T17:13:53","date_gmt":"2018-08-03T20:13:53","guid":{"rendered":"http:\/\/caririemacao.com\/1\/?p=59707"},"modified":"2018-08-03T17:13:53","modified_gmt":"2018-08-03T20:13:53","slug":"comeca-prazo-para-entrega-de-documentos-da-lista-de-espera-do-prouni","status":"publish","type":"post","link":"https:\/\/www.caririemacao.com\/1\/2018\/08\/03\/comeca-prazo-para-entrega-de-documentos-da-lista-de-espera-do-prouni\/","title":{"rendered":"Come\u00e7a prazo para entrega de documentos da lista de espera do Prouni"},"content":{"rendered":"<p>Os candidatos selecionados na lista de espera do Programa Universidade para Todos (ProUni) t\u00eam desta sexta-feira (3) at\u00e9 a pr\u00f3xima segunda-feira (6) para entregarem na institui\u00e7\u00e3o de ensino a documenta\u00e7\u00e3o que comprove as informa\u00e7\u00f5es prestadas no momento da inscri\u00e7\u00e3o.<\/p>\n<p>A rela\u00e7\u00e3o com a documenta\u00e7\u00e3o necess\u00e1ria pode ser acessada no\u00a0<a href=\"http:\/\/siteprouni.mec.gov.br\/documentacao.php\" target=\"_blank\" rel=\"noopener\">site<\/a>\u00a0do programa. A lista de espera \u00e9 usada pelas institui\u00e7\u00f5es de ensino para ocupar as bolsas que n\u00e3o foram preenchidas na primeira e segunda chamadas do programa.<\/p>\n<p>O\u00a0<a href=\"http:\/\/siteprouni.mec.gov.br\/\" target=\"_blank\" rel=\"noopener\">ProUni\u00a0<\/a>oferece bolsas de estudo integrais e parciais (50%) em institui\u00e7\u00f5es privadas de educa\u00e7\u00e3o superior, em cursos de gradua\u00e7\u00e3o e sequenciais de forma\u00e7\u00e3o espec\u00edfica. Ao todo, no processo seletivo, s\u00e3o ofertadas 174.289 vagas, sendo 68.884 bolsas integrais e 105.405 parciais, em 1.460 institui\u00e7\u00f5es.<\/p>\n<p>Para concorrer a bolsas integrais, o candidato deve comprovar renda familiar bruta mensal, por pessoa, de at\u00e9 um sal\u00e1rio m\u00ednimo e meio. No caso de bolsas parciais, a renda familiar bruta mensal deve ser de at\u00e9 tr\u00eas sal\u00e1rios m\u00ednimos por pessoa.<\/p>\n<p style=\"text-align: right;\"><em><strong>Ag\u00eancia Brasil\/Foto: Internet\u00a0<\/strong><\/em><\/p>\n","protected":false},"excerpt":{"rendered":"<p>Os candidatos selecionados na lista de espera do Programa Universidade para Todos (ProUni) t\u00eam desta sexta-feira (3) at\u00e9 a pr\u00f3xima segunda-feira (6) para entregarem na&hellip; <\/p>\n","protected":false},"author":2,"featured_media":13230,"comment_status":"closed","ping_status":"closed","sticky":false,"template":"","format":"standard","meta":{"sfsi_plus_gutenberg_text_before_share":"","sfsi_plus_gutenberg_show_text_before_share":"","sfsi_plus_gutenberg_icon_type":"","sfsi_plus_gutenberg_icon_alignemt":"","sfsi_plus_gutenburg_max_per_row":"","footnotes":""},"categories":[14],"tags":[],"class_list":["post-59707","post","type-post","status-publish","format-standard","has-post-thumbnail","hentry","category-educacao"],"_links":{"self":[{"href":"https:\/\/www.caririemacao.com\/1\/wp-json\/wp\/v2\/posts\/59707","targetHints":{"allow":["GET"]}}],"collection":[{"href":"https:\/\/www.caririemacao.com\/1\/wp-json\/wp\/v2\/posts"}],"about":[{"href":"https:\/\/www.caririemacao.com\/1\/wp-json\/wp\/v2\/types\/post"}],"author":[{"embeddable":true,"href":"https:\/\/www.caririemacao.com\/1\/wp-json\/wp\/v2\/users\/2"}],"replies":[{"embeddable":true,"href":"https:\/\/www.caririemacao.com\/1\/wp-json\/wp\/v2\/comments?post=59707"}],"version-history":[{"count":1,"href":"https:\/\/www.caririemacao.com\/1\/wp-json\/wp\/v2\/posts\/59707\/revisions"}],"predecessor-version":[{"id":59708,"href":"https:\/\/www.caririemacao.com\/1\/wp-json\/wp\/v2\/posts\/59707\/revisions\/59708"}],"wp:featuredmedia":[{"embeddable":true,"href":"https:\/\/www.caririemacao.com\/1\/wp-json\/wp\/v2\/media\/13230"}],"wp:attachment":[{"href":"https:\/\/www.caririemacao.com\/1\/wp-json\/wp\/v2\/media?parent=59707"}],"wp:term":[{"taxonomy":"category","embeddable":true,"href":"https:\/\/www.caririemacao.com\/1\/wp-json\/wp\/v2\/categories?post=59707"},{"taxonomy":"post_tag","embeddable":true,"href":"https:\/\/www.caririemacao.com\/1\/wp-json\/wp\/v2\/tags?post=59707"}],"curies":[{"name":"wp","href":"https:\/\/api.w.org\/{rel}","templated":true}]}}