{"id":59709,"date":"2018-08-03T17:17:14","date_gmt":"2018-08-03T20:17:14","guid":{"rendered":"http:\/\/caririemacao.com\/1\/?p=59709"},"modified":"2018-08-03T17:18:31","modified_gmt":"2018-08-03T20:18:31","slug":"adolescente-de-15-anos-e-sequestrada-e-estuprada-em-joao-pessoa","status":"publish","type":"post","link":"https:\/\/www.caririemacao.com\/1\/2018\/08\/03\/adolescente-de-15-anos-e-sequestrada-e-estuprada-em-joao-pessoa\/","title":{"rendered":"Adolescente de 15 anos \u00e9 sequestrada e estuprada em Jo\u00e3o Pessoa"},"content":{"rendered":"<p>Uma adolescente de 15 anos acionou a pol\u00edcia na tarde desta quinta-feira (1\u00b0), ap\u00f3s ter sido sequestrada a abusada sexualmente em Jo\u00e3o Pessoa.<\/p>\n<p>A v\u00edtima disse que estava no Geisel por volta das 14h quando dois homens pararam o carro como se fossem pedir informa\u00e7\u00f5es e a obrigaram a entrar no ve\u00edculo.<\/p>\n<p>A menina disse que foi levada at\u00e9 uma mata que fica entre o bairro do Jos\u00e9 Am\u00e9rico e o Cui\u00e1 onde foi abusada sexualmente por mais de duas horas.<\/p>\n<p style=\"text-align: right;\"><em><strong>Paraiba.com.br\/Foto: Reprodu\u00e7\u00e3o<\/strong><\/em><\/p>\n","protected":false},"excerpt":{"rendered":"<p>Uma adolescente de 15 anos acionou a pol\u00edcia na tarde desta quinta-feira (1\u00b0), ap\u00f3s ter sido sequestrada a abusada sexualmente em Jo\u00e3o Pessoa. A v\u00edtima&hellip; <\/p>\n","protected":false},"author":2,"featured_media":59710,"comment_status":"closed","ping_status":"closed","sticky":false,"template":"","format":"standard","meta":{"sfsi_plus_gutenberg_text_before_share":"","sfsi_plus_gutenberg_show_text_before_share":"","sfsi_plus_gutenberg_icon_type":"","sfsi_plus_gutenberg_icon_alignemt":"","sfsi_plus_gutenburg_max_per_row":"","footnotes":""},"categories":[1,12],"tags":[],"class_list":["post-59709","post","type-post","status-publish","format-standard","has-post-thumbnail","hentry","category-o-site","category-policia"],"_links":{"self":[{"href":"https:\/\/www.caririemacao.com\/1\/wp-json\/wp\/v2\/posts\/59709","targetHints":{"allow":["GET"]}}],"collection":[{"href":"https:\/\/www.caririemacao.com\/1\/wp-json\/wp\/v2\/posts"}],"about":[{"href":"https:\/\/www.caririemacao.com\/1\/wp-json\/wp\/v2\/types\/post"}],"author":[{"embeddable":true,"href":"https:\/\/www.caririemacao.com\/1\/wp-json\/wp\/v2\/users\/2"}],"replies":[{"embeddable":true,"href":"https:\/\/www.caririemacao.com\/1\/wp-json\/wp\/v2\/comments?post=59709"}],"version-history":[{"count":1,"href":"https:\/\/www.caririemacao.com\/1\/wp-json\/wp\/v2\/posts\/59709\/revisions"}],"predecessor-version":[{"id":59711,"href":"https:\/\/www.caririemacao.com\/1\/wp-json\/wp\/v2\/posts\/59709\/revisions\/59711"}],"wp:featuredmedia":[{"embeddable":true,"href":"https:\/\/www.caririemacao.com\/1\/wp-json\/wp\/v2\/media\/59710"}],"wp:attachment":[{"href":"https:\/\/www.caririemacao.com\/1\/wp-json\/wp\/v2\/media?parent=59709"}],"wp:term":[{"taxonomy":"category","embeddable":true,"href":"https:\/\/www.caririemacao.com\/1\/wp-json\/wp\/v2\/categories?post=59709"},{"taxonomy":"post_tag","embeddable":true,"href":"https:\/\/www.caririemacao.com\/1\/wp-json\/wp\/v2\/tags?post=59709"}],"curies":[{"name":"wp","href":"https:\/\/api.w.org\/{rel}","templated":true}]}}