{"id":59712,"date":"2018-08-03T17:31:10","date_gmt":"2018-08-03T20:31:10","guid":{"rendered":"http:\/\/caririemacao.com\/1\/?p=59712"},"modified":"2018-08-03T17:31:10","modified_gmt":"2018-08-03T20:31:10","slug":"vice-de-joao-azevedo-pode-vir-de-grupo-adversario","status":"publish","type":"post","link":"https:\/\/www.caririemacao.com\/1\/2018\/08\/03\/vice-de-joao-azevedo-pode-vir-de-grupo-adversario\/","title":{"rendered":"Vice de Jo\u00e3o Azev\u00eado pode vir de \u2018grupo advers\u00e1rio\u2019"},"content":{"rendered":"<p>Uma grande surpresa pode estar sendo preparada pelo PSB para a conven\u00e7\u00e3o do partido que acontecer\u00e1 neste s\u00e1bado (4), em Jo\u00e3o Pessoa. O nome do candidato a vice-governador na chapa pretendida pelo ex-secret\u00e1rio Jo\u00e3o Azev\u00eado pode vir de um \u2018grupo advers\u00e1rio\u2019. Foi o que adiantou o governador Ricardo Coutinho, principal l\u00edder socialista no estado.<\/p>\n<p>\u201cEu estou muito feliz com o que est\u00e1 acontecendo. O leque \u00e9 muito grande. N\u00e3o vou dar pistas porque sen\u00e3o quem \u00e9 do contra vai se articular, mas o leque \u00e9 muito grande, inclusive aqueles que hoje n\u00e3o est\u00e3o oficialmente do nosso campo\u201d, afirmou Ricardo.<\/p>\n<p>O governador n\u00e3o confirmou se a decis\u00e3o sobre o vice ser\u00e1 tomada nesta sexta-feira, mas como a conven\u00e7\u00e3o do partido \u00e9 neste s\u00e1bado, provavelmente uma reuni\u00e3o ser\u00e1 realizada antes disso para que se possa bater o martelo em torno desse mist\u00e9rio.<\/p>\n<p>Sobre a possibilidade de um retorno de L\u00edgia Feliciano na chapa majorit\u00e1ria, Ricardo tamb\u00e9m n\u00e3o confirmou, mas ao mesmo tempo n\u00e3o descartou a possibilidade. Limitou-se apenas a repetir que o leque para a escolha \u00e9 amplo.<\/p>\n<p>&nbsp;<\/p>\n<p><em><strong>Fonte:\u00c9clinton Monteiro, da 98 FM\/Foto: Reprodu\u00e7\u00e3o\u00a0<\/strong><\/em><\/p>\n<p>Leia mais not\u00edcias em\u00a0<a href=\"http:\/\/www.caririemacao.com\/\">caririemacao.com<\/a>, siga nossa p\u00e1gina no\u00a0<a href=\"https:\/\/www.facebook.com\/CaririEmAcao\/?ref=aymt_homepage_panel\">Facebook<\/a>,\u00a0<a href=\"https:\/\/www.instagram.com\/cariri_em_acao\/?hl=pt-br\">Instagram<\/a>\u00a0e\u00a0<a href=\"https:\/\/www.youtube.com\/channel\/UCAptA0jQuYQy8vMhLt2m4qg\">Youtube<\/a>\u00a0e veja nossas mat\u00e9rias, v\u00eddeos e fotos. Voc\u00ea tamb\u00e9m pode enviar informa\u00e7\u00f5es \u00e0 Reda\u00e7\u00e3o do Portal Cariri em A\u00e7\u00e3o pelo WhatsApp (83) 9 9634.5791, (83) 9 9601-1162.<\/p>\n","protected":false},"excerpt":{"rendered":"<p>Uma grande surpresa pode estar sendo preparada pelo PSB para a conven\u00e7\u00e3o do partido que acontecer\u00e1 neste s\u00e1bado (4), em Jo\u00e3o Pessoa. O nome do&hellip; <\/p>\n","protected":false},"author":1,"featured_media":59713,"comment_status":"closed","ping_status":"closed","sticky":false,"template":"","format":"standard","meta":{"sfsi_plus_gutenberg_text_before_share":"","sfsi_plus_gutenberg_show_text_before_share":"","sfsi_plus_gutenberg_icon_type":"","sfsi_plus_gutenberg_icon_alignemt":"","sfsi_plus_gutenburg_max_per_row":"","footnotes":""},"categories":[1],"tags":[],"class_list":["post-59712","post","type-post","status-publish","format-standard","has-post-thumbnail","hentry","category-o-site"],"_links":{"self":[{"href":"https:\/\/www.caririemacao.com\/1\/wp-json\/wp\/v2\/posts\/59712","targetHints":{"allow":["GET"]}}],"collection":[{"href":"https:\/\/www.caririemacao.com\/1\/wp-json\/wp\/v2\/posts"}],"about":[{"href":"https:\/\/www.caririemacao.com\/1\/wp-json\/wp\/v2\/types\/post"}],"author":[{"embeddable":true,"href":"https:\/\/www.caririemacao.com\/1\/wp-json\/wp\/v2\/users\/1"}],"replies":[{"embeddable":true,"href":"https:\/\/www.caririemacao.com\/1\/wp-json\/wp\/v2\/comments?post=59712"}],"version-history":[{"count":1,"href":"https:\/\/www.caririemacao.com\/1\/wp-json\/wp\/v2\/posts\/59712\/revisions"}],"predecessor-version":[{"id":59714,"href":"https:\/\/www.caririemacao.com\/1\/wp-json\/wp\/v2\/posts\/59712\/revisions\/59714"}],"wp:featuredmedia":[{"embeddable":true,"href":"https:\/\/www.caririemacao.com\/1\/wp-json\/wp\/v2\/media\/59713"}],"wp:attachment":[{"href":"https:\/\/www.caririemacao.com\/1\/wp-json\/wp\/v2\/media?parent=59712"}],"wp:term":[{"taxonomy":"category","embeddable":true,"href":"https:\/\/www.caririemacao.com\/1\/wp-json\/wp\/v2\/categories?post=59712"},{"taxonomy":"post_tag","embeddable":true,"href":"https:\/\/www.caririemacao.com\/1\/wp-json\/wp\/v2\/tags?post=59712"}],"curies":[{"name":"wp","href":"https:\/\/api.w.org\/{rel}","templated":true}]}}