{"id":59715,"date":"2018-08-03T17:35:08","date_gmt":"2018-08-03T20:35:08","guid":{"rendered":"http:\/\/caririemacao.com\/1\/?p=59715"},"modified":"2018-08-03T17:35:08","modified_gmt":"2018-08-03T20:35:08","slug":"ricardo-revela-conversa-com-presidente-do-pdt-e-faz-misterio-sobre-vice","status":"publish","type":"post","link":"https:\/\/www.caririemacao.com\/1\/2018\/08\/03\/ricardo-revela-conversa-com-presidente-do-pdt-e-faz-misterio-sobre-vice\/","title":{"rendered":"Ricardo revela conversa com presidente do PDT e faz mist\u00e9rio sobre vice"},"content":{"rendered":"<blockquote><p>O governador Ricardo Coutinho (PSB) admitiu, nesta sexta-feira (3), que o candidato a vice-governador na chapa de Jo\u00e3o Azev\u00eado (PSB) poder\u00e1 vir de partidos que n\u00e3o fazem parte do seu arco de alian\u00e7as.\u00a0O governador disse ainda que tem conversado com o presidente nacional do PDT, Carlos Lupi, mas n\u00e3o confirmou a vice-governadora L\u00edgia Feliciano na chapa majorit\u00e1ria.<\/p>\n<p>\u201cO leque de op\u00e7\u00f5es \u00e9 enorme e inclui muita gente. Inclusive aqueles que hoje n\u00e3o est\u00e3o oficialmente no nosso campo\u201d, destacou o socialista, que preferiu n\u00e3o dar pistas.\u00a0\u201cEu n\u00e3o darei pistas, porque quem \u00e9 do contra se articula todinho\u201d, enfatizou.<\/p>\n<p>Para ele, o seu grupo n\u00e3o encontra dificuldades para fechar a chapa majorit\u00e1ria como tem sido alegado pela oposi\u00e7\u00e3o.\u00a0\u201cEu n\u00e3o sei quem est\u00e1 dizendo isso. Mas n\u00e3o deve estar olhando para o pr\u00f3prio umbigo. Porque tem gente que \u00e9 assim, olha para o umbigo e empurra para os outros\u201d, destacou.<\/p>\n<p>&nbsp;<\/p>\n<p><strong>Fonte: Portal MaisPB<\/strong><\/p>\n<p>Leia mais not\u00edcias em\u00a0<a href=\"http:\/\/www.caririemacao.com\/\">caririemacao.com<\/a>, siga nossa p\u00e1gina no\u00a0<a href=\"https:\/\/www.facebook.com\/CaririEmAcao\/?ref=aymt_homepage_panel\">Facebook<\/a>,\u00a0<a href=\"https:\/\/www.instagram.com\/cariri_em_acao\/?hl=pt-br\">Instagram<\/a>\u00a0e\u00a0<a href=\"https:\/\/www.youtube.com\/channel\/UCAptA0jQuYQy8vMhLt2m4qg\">Youtube<\/a>\u00a0e veja nossas mat\u00e9rias, v\u00eddeos e fotos. Voc\u00ea tamb\u00e9m pode enviar informa\u00e7\u00f5es \u00e0 Reda\u00e7\u00e3o do Portal Cariri em A\u00e7\u00e3o pelo WhatsApp (83) 9 9634.5791, (83) 9 9601-1162.<\/p>\n<p>&nbsp;<\/p>\n<p>&nbsp;<\/p><\/blockquote>\n","protected":false},"excerpt":{"rendered":"<p>O governador Ricardo Coutinho (PSB) admitiu, nesta sexta-feira (3), que o candidato a vice-governador na chapa de Jo\u00e3o Azev\u00eado (PSB) poder\u00e1 vir de partidos que&hellip; <\/p>\n","protected":false},"author":1,"featured_media":59716,"comment_status":"closed","ping_status":"closed","sticky":false,"template":"","format":"standard","meta":{"sfsi_plus_gutenberg_text_before_share":"","sfsi_plus_gutenberg_show_text_before_share":"","sfsi_plus_gutenberg_icon_type":"","sfsi_plus_gutenberg_icon_alignemt":"","sfsi_plus_gutenburg_max_per_row":"","footnotes":""},"categories":[1],"tags":[],"class_list":["post-59715","post","type-post","status-publish","format-standard","has-post-thumbnail","hentry","category-o-site"],"_links":{"self":[{"href":"https:\/\/www.caririemacao.com\/1\/wp-json\/wp\/v2\/posts\/59715","targetHints":{"allow":["GET"]}}],"collection":[{"href":"https:\/\/www.caririemacao.com\/1\/wp-json\/wp\/v2\/posts"}],"about":[{"href":"https:\/\/www.caririemacao.com\/1\/wp-json\/wp\/v2\/types\/post"}],"author":[{"embeddable":true,"href":"https:\/\/www.caririemacao.com\/1\/wp-json\/wp\/v2\/users\/1"}],"replies":[{"embeddable":true,"href":"https:\/\/www.caririemacao.com\/1\/wp-json\/wp\/v2\/comments?post=59715"}],"version-history":[{"count":1,"href":"https:\/\/www.caririemacao.com\/1\/wp-json\/wp\/v2\/posts\/59715\/revisions"}],"predecessor-version":[{"id":59717,"href":"https:\/\/www.caririemacao.com\/1\/wp-json\/wp\/v2\/posts\/59715\/revisions\/59717"}],"wp:featuredmedia":[{"embeddable":true,"href":"https:\/\/www.caririemacao.com\/1\/wp-json\/wp\/v2\/media\/59716"}],"wp:attachment":[{"href":"https:\/\/www.caririemacao.com\/1\/wp-json\/wp\/v2\/media?parent=59715"}],"wp:term":[{"taxonomy":"category","embeddable":true,"href":"https:\/\/www.caririemacao.com\/1\/wp-json\/wp\/v2\/categories?post=59715"},{"taxonomy":"post_tag","embeddable":true,"href":"https:\/\/www.caririemacao.com\/1\/wp-json\/wp\/v2\/tags?post=59715"}],"curies":[{"name":"wp","href":"https:\/\/api.w.org\/{rel}","templated":true}]}}