{"id":59718,"date":"2018-08-03T17:41:08","date_gmt":"2018-08-03T20:41:08","guid":{"rendered":"http:\/\/caririemacao.com\/1\/?p=59718"},"modified":"2018-08-03T17:41:08","modified_gmt":"2018-08-03T20:41:08","slug":"campeonato-sumeense-de-futsal-se-consolida-como-um-dos-maiores-da-paraiba","status":"publish","type":"post","link":"https:\/\/www.caririemacao.com\/1\/2018\/08\/03\/campeonato-sumeense-de-futsal-se-consolida-como-um-dos-maiores-da-paraiba\/","title":{"rendered":"Campeonato Sumeense de Futsal se consolida como um dos maiores da Para\u00edba"},"content":{"rendered":"<p>&nbsp;<\/p>\n<p>No \u00faltimo final de semana aconteceu no Gin\u00e1sio Municipal de Sum\u00e9, as finais do Campeonato Sumeense de Futsal 2018.<\/p>\n<p>O torneio \u00e9 realizado pelo Departamento de Esportes da Prefeitura Municipal e disputado em duas divis\u00f5es, A e B. Na decis\u00e3o da segunda divis\u00e3o o Vila Country venceu os Carregados e conquistou o t\u00edtulo.<\/p>\n<p><a href=\"http:\/\/www.sume.pb.gov.br\/wp-content\/uploads\/2018\/08\/38197390_2029168273800179_3741743210121134080_n.jpg\" data-slb-active=\"1\" data-slb-asset=\"1046152700\" data-slb-internal=\"0\" data-slb-group=\"5757\"><img fetchpriority=\"high\" decoding=\"async\" class=\"wp-image-5760 size-full aligncenter\" src=\"http:\/\/www.sume.pb.gov.br\/wp-content\/uploads\/2018\/08\/38197390_2029168273800179_3741743210121134080_n.jpg\" sizes=\"(max-width: 800px) 100vw, 800px\" srcset=\"http:\/\/www.sume.pb.gov.br\/wp-content\/uploads\/2018\/08\/38197390_2029168273800179_3741743210121134080_n.jpg 800w, http:\/\/www.sume.pb.gov.br\/wp-content\/uploads\/2018\/08\/38197390_2029168273800179_3741743210121134080_n-300x200.jpg 300w, http:\/\/www.sume.pb.gov.br\/wp-content\/uploads\/2018\/08\/38197390_2029168273800179_3741743210121134080_n-768x511.jpg 768w\" alt=\"\" width=\"800\" height=\"532\" \/><\/a><\/p>\n<p>Na decis\u00e3o da primeira divis\u00e3o, o Chelsea bateu o Arsenal por 4\u00d70 e se consagrou campe\u00e3o de 2018.<\/p>\n<p>A competi\u00e7\u00e3o come\u00e7ou em maio deste ano, contou com 34 equipes nas duas divis\u00f5es, com a participa\u00e7\u00e3o de mais de 400 atletas. Destaque nas grandes finais para o grande p\u00fablico que prestigiou as partidas.<\/p>\n<p><a href=\"http:\/\/www.sume.pb.gov.br\/wp-content\/uploads\/2018\/08\/38131792_2029161617134178_6359585571567828992_n.jpg\" data-slb-active=\"1\" data-slb-asset=\"839469836\" data-slb-internal=\"0\" data-slb-group=\"5757\"><img decoding=\"async\" class=\"wp-image-5759 size-full aligncenter lazyload\" data-src=\"http:\/\/www.sume.pb.gov.br\/wp-content\/uploads\/2018\/08\/38131792_2029161617134178_6359585571567828992_n.jpg\" data-sizes=\"(max-width: 800px) 100vw, 800px\" data-srcset=\"http:\/\/www.sume.pb.gov.br\/wp-content\/uploads\/2018\/08\/38131792_2029161617134178_6359585571567828992_n.jpg 800w, http:\/\/www.sume.pb.gov.br\/wp-content\/uploads\/2018\/08\/38131792_2029161617134178_6359585571567828992_n-300x200.jpg 300w, http:\/\/www.sume.pb.gov.br\/wp-content\/uploads\/2018\/08\/38131792_2029161617134178_6359585571567828992_n-768x511.jpg 768w\" alt=\"\" width=\"800\" height=\"532\" src=\"data:image\/svg+xml;base64,PHN2ZyB3aWR0aD0iMSIgaGVpZ2h0PSIxIiB4bWxucz0iaHR0cDovL3d3dy53My5vcmcvMjAwMC9zdmciPjwvc3ZnPg==\" style=\"--smush-placeholder-width: 800px; --smush-placeholder-aspect-ratio: 800\/532;\" \/><\/a><\/p>\n<p>Depois dos jogos, o Departamento de Esportes realizou a entrega dos trof\u00e9us, medalhas e uma quantia de R$ 4 mil reais para os vencedores.<\/p>\n<p>De acordo com o diretor de Esportes Paulo Roberto, o Campeonato Sumeense de Futsal se consolidou como um dos maiores da Para\u00edba: \u201cO esporte de Sum\u00e9 vive um grande momento, a gest\u00e3o do munic\u00edpio tem investido na infraestrutura das Pra\u00e7as Esportivas, incentivando a pr\u00e1tica de v\u00e1rias modalidades\u201d afirmou Paulo Roberto.<\/p>\n<p>&nbsp;<\/p>\n<p>Fonte:Ascom\/PMS\/Foto: R\u00e1dio Cidade Sum\u00e9<\/p>\n<p>Leia mais not\u00edcias em\u00a0<a href=\"http:\/\/www.caririemacao.com\/\">caririemacao.com<\/a>, siga nossa p\u00e1gina no\u00a0<a href=\"https:\/\/www.facebook.com\/CaririEmAcao\/?ref=aymt_homepage_panel\">Facebook<\/a>,\u00a0<a href=\"https:\/\/www.instagram.com\/cariri_em_acao\/?hl=pt-br\">Instagram<\/a>\u00a0e\u00a0<a href=\"https:\/\/www.youtube.com\/channel\/UCAptA0jQuYQy8vMhLt2m4qg\">Youtube<\/a>\u00a0e veja nossas mat\u00e9rias, v\u00eddeos e fotos. Voc\u00ea tamb\u00e9m pode enviar informa\u00e7\u00f5es \u00e0 Reda\u00e7\u00e3o do Portal Cariri em A\u00e7\u00e3o pelo WhatsApp (83) 9 9634.5791, (83) 9 9601-1162.<\/p>\n","protected":false},"excerpt":{"rendered":"<p>&nbsp; No \u00faltimo final de semana aconteceu no Gin\u00e1sio Municipal de Sum\u00e9, as finais do Campeonato Sumeense de Futsal 2018. O torneio \u00e9 realizado pelo&hellip; <\/p>\n","protected":false},"author":1,"featured_media":59727,"comment_status":"closed","ping_status":"closed","sticky":false,"template":"","format":"standard","meta":{"sfsi_plus_gutenberg_text_before_share":"","sfsi_plus_gutenberg_show_text_before_share":"","sfsi_plus_gutenberg_icon_type":"","sfsi_plus_gutenberg_icon_alignemt":"","sfsi_plus_gutenburg_max_per_row":"","footnotes":""},"categories":[13],"tags":[],"class_list":["post-59718","post","type-post","status-publish","format-standard","has-post-thumbnail","hentry","category-esportes"],"_links":{"self":[{"href":"https:\/\/www.caririemacao.com\/1\/wp-json\/wp\/v2\/posts\/59718","targetHints":{"allow":["GET"]}}],"collection":[{"href":"https:\/\/www.caririemacao.com\/1\/wp-json\/wp\/v2\/posts"}],"about":[{"href":"https:\/\/www.caririemacao.com\/1\/wp-json\/wp\/v2\/types\/post"}],"author":[{"embeddable":true,"href":"https:\/\/www.caririemacao.com\/1\/wp-json\/wp\/v2\/users\/1"}],"replies":[{"embeddable":true,"href":"https:\/\/www.caririemacao.com\/1\/wp-json\/wp\/v2\/comments?post=59718"}],"version-history":[{"count":1,"href":"https:\/\/www.caririemacao.com\/1\/wp-json\/wp\/v2\/posts\/59718\/revisions"}],"predecessor-version":[{"id":59728,"href":"https:\/\/www.caririemacao.com\/1\/wp-json\/wp\/v2\/posts\/59718\/revisions\/59728"}],"wp:featuredmedia":[{"embeddable":true,"href":"https:\/\/www.caririemacao.com\/1\/wp-json\/wp\/v2\/media\/59727"}],"wp:attachment":[{"href":"https:\/\/www.caririemacao.com\/1\/wp-json\/wp\/v2\/media?parent=59718"}],"wp:term":[{"taxonomy":"category","embeddable":true,"href":"https:\/\/www.caririemacao.com\/1\/wp-json\/wp\/v2\/categories?post=59718"},{"taxonomy":"post_tag","embeddable":true,"href":"https:\/\/www.caririemacao.com\/1\/wp-json\/wp\/v2\/tags?post=59718"}],"curies":[{"name":"wp","href":"https:\/\/api.w.org\/{rel}","templated":true}]}}