{"id":59729,"date":"2018-08-03T17:47:29","date_gmt":"2018-08-03T20:47:29","guid":{"rendered":"http:\/\/caririemacao.com\/1\/?p=59729"},"modified":"2018-08-03T17:47:29","modified_gmt":"2018-08-03T20:47:29","slug":"obras-de-calcamento-do-conjunto-habitacional-8-marco-sao-iniciadas-em-amparo","status":"publish","type":"post","link":"https:\/\/www.caririemacao.com\/1\/2018\/08\/03\/obras-de-calcamento-do-conjunto-habitacional-8-marco-sao-iniciadas-em-amparo\/","title":{"rendered":"Obras de cal\u00e7amento do Conjunto Habitacional 8 mar\u00e7o s\u00e3o iniciadas em Amparo"},"content":{"rendered":"<p>Ruas do Conjunto Habitacional 8 de Mar\u00e7o come\u00e7aram receber as primeiras pedras de paralelep\u00edpedo.<\/p>\n<p>O prefeito In\u00e1cio N\u00f3brega tem acompanhado de perto o in\u00edcio das obras e pedido agilidade na execu\u00e7\u00e3o para que a popula\u00e7\u00e3o possa usufruir o quanto antes de mais este benef\u00edcio.<\/p>\n<p>&nbsp;<\/p>\n<p>Fonte: Cariri em Destaque\/ Foto: Ascom<\/p>\n<p>Leia mais not\u00edcias em\u00a0<a href=\"http:\/\/www.caririemacao.com\/\">caririemacao.com<\/a>, siga nossa p\u00e1gina no\u00a0<a href=\"https:\/\/www.facebook.com\/CaririEmAcao\/?ref=aymt_homepage_panel\">Facebook<\/a>,\u00a0<a href=\"https:\/\/www.instagram.com\/cariri_em_acao\/?hl=pt-br\">Instagram<\/a>\u00a0e\u00a0<a href=\"https:\/\/www.youtube.com\/channel\/UCAptA0jQuYQy8vMhLt2m4qg\">Youtube<\/a>\u00a0e veja nossas mat\u00e9rias, v\u00eddeos e fotos. Voc\u00ea tamb\u00e9m pode enviar informa\u00e7\u00f5es \u00e0 Reda\u00e7\u00e3o do Portal Cariri em A\u00e7\u00e3o pelo WhatsApp (83) 9 9634.5791, (83) 9 9601-1162.<\/p>\n","protected":false},"excerpt":{"rendered":"<p>Ruas do Conjunto Habitacional 8 de Mar\u00e7o come\u00e7aram receber as primeiras pedras de paralelep\u00edpedo. O prefeito In\u00e1cio N\u00f3brega tem acompanhado de perto o in\u00edcio das&hellip; <\/p>\n","protected":false},"author":1,"featured_media":59730,"comment_status":"closed","ping_status":"closed","sticky":false,"template":"","format":"standard","meta":{"sfsi_plus_gutenberg_text_before_share":"","sfsi_plus_gutenberg_show_text_before_share":"","sfsi_plus_gutenberg_icon_type":"","sfsi_plus_gutenberg_icon_alignemt":"","sfsi_plus_gutenburg_max_per_row":"","footnotes":""},"categories":[6],"tags":[],"class_list":["post-59729","post","type-post","status-publish","format-standard","has-post-thumbnail","hentry","category-cidades"],"_links":{"self":[{"href":"https:\/\/www.caririemacao.com\/1\/wp-json\/wp\/v2\/posts\/59729","targetHints":{"allow":["GET"]}}],"collection":[{"href":"https:\/\/www.caririemacao.com\/1\/wp-json\/wp\/v2\/posts"}],"about":[{"href":"https:\/\/www.caririemacao.com\/1\/wp-json\/wp\/v2\/types\/post"}],"author":[{"embeddable":true,"href":"https:\/\/www.caririemacao.com\/1\/wp-json\/wp\/v2\/users\/1"}],"replies":[{"embeddable":true,"href":"https:\/\/www.caririemacao.com\/1\/wp-json\/wp\/v2\/comments?post=59729"}],"version-history":[{"count":1,"href":"https:\/\/www.caririemacao.com\/1\/wp-json\/wp\/v2\/posts\/59729\/revisions"}],"predecessor-version":[{"id":59731,"href":"https:\/\/www.caririemacao.com\/1\/wp-json\/wp\/v2\/posts\/59729\/revisions\/59731"}],"wp:featuredmedia":[{"embeddable":true,"href":"https:\/\/www.caririemacao.com\/1\/wp-json\/wp\/v2\/media\/59730"}],"wp:attachment":[{"href":"https:\/\/www.caririemacao.com\/1\/wp-json\/wp\/v2\/media?parent=59729"}],"wp:term":[{"taxonomy":"category","embeddable":true,"href":"https:\/\/www.caririemacao.com\/1\/wp-json\/wp\/v2\/categories?post=59729"},{"taxonomy":"post_tag","embeddable":true,"href":"https:\/\/www.caririemacao.com\/1\/wp-json\/wp\/v2\/tags?post=59729"}],"curies":[{"name":"wp","href":"https:\/\/api.w.org\/{rel}","templated":true}]}}