{"id":59732,"date":"2018-08-03T17:55:17","date_gmt":"2018-08-03T20:55:17","guid":{"rendered":"http:\/\/caririemacao.com\/1\/?p=59732"},"modified":"2018-08-03T17:55:17","modified_gmt":"2018-08-03T20:55:17","slug":"395-pessoas-infectadas-por-salada-do-mcdonalds","status":"publish","type":"post","link":"https:\/\/www.caririemacao.com\/1\/2018\/08\/03\/395-pessoas-infectadas-por-salada-do-mcdonalds\/","title":{"rendered":"395 pessoas infectadas por salada do McDonald&#8217;s"},"content":{"rendered":"<p><span class=\"news_capital_letter\">A<\/span>o todo 395 pessoas foram infectadas por surto de Ciclospor\u00edase contra\u00eddo em saladas do McDonald&#8217;s. Segundo as autoridades do governo norte-americano respons\u00e1vel pela investiga\u00e7\u00e3o do caso, surto come\u00e7ou em maio e desde ent\u00e3o 19 pessoas foram hospitalizadas com forte infec\u00e7\u00e3o em 15 estados dos EUA.<\/p>\n<div class=\"pub-container inside-news\">\n<div class=\"pub-space\"><ins class=\"adsbygoogle\" data-ad-client=\"ca-pub-5990868310294203\" data-ad-slot=\"1636004644\" data-adsbygoogle-status=\"done\"><ins id=\"aswift_1_expand\"><ins id=\"aswift_1_anchor\"><\/ins><\/ins><\/ins>A Ciclospor\u00edase \u00e9 uma infec\u00e7\u00e3o causada pelo protozo\u00e1rio Cyclospora, transmitida por alimentos e \u00e1gua contaminados com fezes. Segundo o centro de controle de doen\u00e7as e preven\u00e7\u00e3o dos EUA, os pacientes infectados podem enfrentar falta de apetite, v\u00f4mitos, n\u00e1usea, fadiga, febre e fortes dores no corpo. Ainda segundo os especialistas a doen\u00e7a pode durar alguns dias, o paciente sente uma melhora, e os sintomas voltam piores depois, a ciclospor\u00edase pode ser tratada com antibi\u00f3ticos.<\/div>\n<\/div>\n<p>As autoridades do FDA (US Food and Drug Administration) afirmam que um pacote n\u00e3o utilizado de uma salada fresca de alface e cenoura que foi distribu\u00eddo para o McDonald&#8217;s deu positivo para a presen\u00e7a da Cyclospora, embora tenha passado da data de expira\u00e7\u00e3o do dia 19 de julho.<\/p>\n<p>Segundo a CNN, o McDonald&#8217;s afirmou que j\u00e1 retirou todo o mix de saladas dos restaurantes atingidos pelo surto de ciclospor\u00edase, e substituiu com um novo fornecedor.<\/p>\n<p>&nbsp;<\/p>\n<p>Fonte: Not\u00edcia ao Minuto\/Foto: Reprodu\u00e7\u00e3o<\/p>\n<p>Leia mais not\u00edcias em\u00a0<a href=\"http:\/\/www.caririemacao.com\/\">caririemacao.com<\/a>, siga nossa p\u00e1gina no\u00a0<a href=\"https:\/\/www.facebook.com\/CaririEmAcao\/?ref=aymt_homepage_panel\">Facebook<\/a>,\u00a0<a href=\"https:\/\/www.instagram.com\/cariri_em_acao\/?hl=pt-br\">Instagram<\/a>\u00a0e\u00a0<a href=\"https:\/\/www.youtube.com\/channel\/UCAptA0jQuYQy8vMhLt2m4qg\">Youtube<\/a>\u00a0e veja nossas mat\u00e9rias, v\u00eddeos e fotos. Voc\u00ea tamb\u00e9m pode enviar informa\u00e7\u00f5es \u00e0 Reda\u00e7\u00e3o do Portal Cariri em A\u00e7\u00e3o pelo WhatsApp (83) 9 9634.5791, (83) 9 9601-1162.<\/p>\n","protected":false},"excerpt":{"rendered":"<p>Ao todo 395 pessoas foram infectadas por surto de Ciclospor\u00edase contra\u00eddo em saladas do McDonald&#8217;s. Segundo as autoridades do governo norte-americano respons\u00e1vel pela investiga\u00e7\u00e3o do&hellip; <\/p>\n","protected":false},"author":1,"featured_media":59733,"comment_status":"closed","ping_status":"closed","sticky":false,"template":"","format":"standard","meta":{"sfsi_plus_gutenberg_text_before_share":"","sfsi_plus_gutenberg_show_text_before_share":"","sfsi_plus_gutenberg_icon_type":"","sfsi_plus_gutenberg_icon_alignemt":"","sfsi_plus_gutenburg_max_per_row":"","footnotes":""},"categories":[16],"tags":[],"class_list":["post-59732","post","type-post","status-publish","format-standard","has-post-thumbnail","hentry","category-saude"],"_links":{"self":[{"href":"https:\/\/www.caririemacao.com\/1\/wp-json\/wp\/v2\/posts\/59732","targetHints":{"allow":["GET"]}}],"collection":[{"href":"https:\/\/www.caririemacao.com\/1\/wp-json\/wp\/v2\/posts"}],"about":[{"href":"https:\/\/www.caririemacao.com\/1\/wp-json\/wp\/v2\/types\/post"}],"author":[{"embeddable":true,"href":"https:\/\/www.caririemacao.com\/1\/wp-json\/wp\/v2\/users\/1"}],"replies":[{"embeddable":true,"href":"https:\/\/www.caririemacao.com\/1\/wp-json\/wp\/v2\/comments?post=59732"}],"version-history":[{"count":1,"href":"https:\/\/www.caririemacao.com\/1\/wp-json\/wp\/v2\/posts\/59732\/revisions"}],"predecessor-version":[{"id":59734,"href":"https:\/\/www.caririemacao.com\/1\/wp-json\/wp\/v2\/posts\/59732\/revisions\/59734"}],"wp:featuredmedia":[{"embeddable":true,"href":"https:\/\/www.caririemacao.com\/1\/wp-json\/wp\/v2\/media\/59733"}],"wp:attachment":[{"href":"https:\/\/www.caririemacao.com\/1\/wp-json\/wp\/v2\/media?parent=59732"}],"wp:term":[{"taxonomy":"category","embeddable":true,"href":"https:\/\/www.caririemacao.com\/1\/wp-json\/wp\/v2\/categories?post=59732"},{"taxonomy":"post_tag","embeddable":true,"href":"https:\/\/www.caririemacao.com\/1\/wp-json\/wp\/v2\/tags?post=59732"}],"curies":[{"name":"wp","href":"https:\/\/api.w.org\/{rel}","templated":true}]}}