{"id":59735,"date":"2018-08-03T18:00:39","date_gmt":"2018-08-03T21:00:39","guid":{"rendered":"http:\/\/caririemacao.com\/1\/?p=59735"},"modified":"2018-08-03T18:00:39","modified_gmt":"2018-08-03T21:00:39","slug":"secretaria-de-saude-de-monteiro-passa-a-atender-portadores-de-glaucoma-no-cemed","status":"publish","type":"post","link":"https:\/\/www.caririemacao.com\/1\/2018\/08\/03\/secretaria-de-saude-de-monteiro-passa-a-atender-portadores-de-glaucoma-no-cemed\/","title":{"rendered":"Secretaria de Sa\u00fade de Monteiro passa a atender Portadores de Glaucoma no CEMED"},"content":{"rendered":"<p>Buscando sanar os transtornos causados pela suspens\u00e3o do atendimento aos pacientes do munic\u00edpio cadastrados no Programa do Glaucoma, realizado pelas cl\u00ednicas prestadoras do servi\u00e7o em Campina Grande, a Secretaria Municipal de Sa\u00fade do munic\u00edpio de Monteiro adotando as provid\u00eancias necess\u00e1rias para normalizar o atendimento e dar continuidade ao tratamento da doen\u00e7a, agora oferece o acompanhamento no CEMED \u2013 Centro de Especialidades M\u00e9dicas.<\/p>\n<p>O in\u00edcio dos atendimentos na cidade se deu na manh\u00e3 desta sexta-feira, 03, e contou com a avalia\u00e7\u00e3o e entrega dos col\u00edrios a 80 pacientes. Os mesmos ser\u00e3o acompanhados de forma regular com retornos m\u00e9dicos a cada tr\u00eas meses. A entrega dos col\u00edrios tamb\u00e9m faz parte da a\u00e7\u00e3o da Secretaria de Sa\u00fade e ser\u00e1 feita ap\u00f3s cada atendimento. O total de recursos empregados por parte dos cofres municipais \u00e9 de R$ 18 mil.<\/p>\n<p>A suspens\u00e3o dos atendimentos em Campina Grande foi motivada pela redu\u00e7\u00e3o de recursos que o Minist\u00e9rio da Sa\u00fade fez no teto financeiro do Programa do Glaucoma na Para\u00edba, ap\u00f3s um estudo realizado em todo o Pa\u00eds apontar um \u00edndice de casos de glaucoma muito acima da m\u00e9dia nacional. Na posi\u00e7\u00e3o de gestor macro da Sa\u00fade, o Minist\u00e9rio da Sa\u00fade resolveu, em novembro do ano passado \u2013 ap\u00f3s quase 10 anos de atividade de auditoria sobre o Programa \u2013 determinar o corte e a imediata adequa\u00e7\u00e3o \u00e0 realidade dos demais Estados brasileiros.<\/p>\n<p>A iniciativa de proporcionar o atendimento aos pacientes portadores de Glaucoma se deu atrav\u00e9s de reuni\u00f5es realizadas entre a prefeita Anna Lorena e a secret\u00e1ria de sa\u00fade, Paula Oliveira, conforme esclarece Viviane Ferreira, secretaria executiva de Sa\u00fade de Monteiro. \u201cTemos na cidade 80 pacientes com a doen\u00e7a, sabemos da gravidade em caso da n\u00e3o realiza\u00e7\u00e3o de atendimento, esta \u00e9 uma enfermidade que evolui. Ficamos muito preocupadas, mas em um jogo de cintura, conseguimos implantar o atendimento em Monteiro e ainda mais, realizaremos tamb\u00e9m a entrega dos col\u00edrios, tudo isso com recursos pr\u00f3prios. Estamos felizes e aliviadas em proporcionar o servi\u00e7o aos monteirenses\u201d.<\/p>\n<p>Segundo a prefeita Anna Lorena: \u201cEsta \u00e9 mais uma a\u00e7\u00e3o assumida pelo munic\u00edpio com recursos do tesouro. N\u00e3o cont\u00e1vamos em nossa programa\u00e7\u00e3o or\u00e7ament\u00e1ria, mesmo assim foram desprendidos todos os esfor\u00e7os para garantir mais esta assist\u00eancia\u201d, finalizou.<\/p>\n<p>&nbsp;<\/p>\n<p>Fonte: Ascom\/Foto: Ascom<\/p>\n<p>Leia mais not\u00edcias em\u00a0<a href=\"http:\/\/www.caririemacao.com\/\">caririemacao.com<\/a>, siga nossa p\u00e1gina no\u00a0<a href=\"https:\/\/www.facebook.com\/CaririEmAcao\/?ref=aymt_homepage_panel\">Facebook<\/a>,\u00a0<a href=\"https:\/\/www.instagram.com\/cariri_em_acao\/?hl=pt-br\">Instagram<\/a>\u00a0e\u00a0<a href=\"https:\/\/www.youtube.com\/channel\/UCAptA0jQuYQy8vMhLt2m4qg\">Youtube<\/a>\u00a0e veja nossas mat\u00e9rias, v\u00eddeos e fotos. Voc\u00ea tamb\u00e9m pode enviar informa\u00e7\u00f5es \u00e0 Reda\u00e7\u00e3o do Portal Cariri em A\u00e7\u00e3o pelo WhatsApp (83) 9 9634.5791, (83) 9 9601-1162.<\/p>\n","protected":false},"excerpt":{"rendered":"<p>Buscando sanar os transtornos causados pela suspens\u00e3o do atendimento aos pacientes do munic\u00edpio cadastrados no Programa do Glaucoma, realizado pelas cl\u00ednicas prestadoras do servi\u00e7o em&hellip; <\/p>\n","protected":false},"author":1,"featured_media":59737,"comment_status":"closed","ping_status":"closed","sticky":false,"template":"","format":"standard","meta":{"sfsi_plus_gutenberg_text_before_share":"","sfsi_plus_gutenberg_show_text_before_share":"","sfsi_plus_gutenberg_icon_type":"","sfsi_plus_gutenberg_icon_alignemt":"","sfsi_plus_gutenburg_max_per_row":"","footnotes":""},"categories":[16],"tags":[],"class_list":["post-59735","post","type-post","status-publish","format-standard","has-post-thumbnail","hentry","category-saude"],"_links":{"self":[{"href":"https:\/\/www.caririemacao.com\/1\/wp-json\/wp\/v2\/posts\/59735","targetHints":{"allow":["GET"]}}],"collection":[{"href":"https:\/\/www.caririemacao.com\/1\/wp-json\/wp\/v2\/posts"}],"about":[{"href":"https:\/\/www.caririemacao.com\/1\/wp-json\/wp\/v2\/types\/post"}],"author":[{"embeddable":true,"href":"https:\/\/www.caririemacao.com\/1\/wp-json\/wp\/v2\/users\/1"}],"replies":[{"embeddable":true,"href":"https:\/\/www.caririemacao.com\/1\/wp-json\/wp\/v2\/comments?post=59735"}],"version-history":[{"count":1,"href":"https:\/\/www.caririemacao.com\/1\/wp-json\/wp\/v2\/posts\/59735\/revisions"}],"predecessor-version":[{"id":59738,"href":"https:\/\/www.caririemacao.com\/1\/wp-json\/wp\/v2\/posts\/59735\/revisions\/59738"}],"wp:featuredmedia":[{"embeddable":true,"href":"https:\/\/www.caririemacao.com\/1\/wp-json\/wp\/v2\/media\/59737"}],"wp:attachment":[{"href":"https:\/\/www.caririemacao.com\/1\/wp-json\/wp\/v2\/media?parent=59735"}],"wp:term":[{"taxonomy":"category","embeddable":true,"href":"https:\/\/www.caririemacao.com\/1\/wp-json\/wp\/v2\/categories?post=59735"},{"taxonomy":"post_tag","embeddable":true,"href":"https:\/\/www.caririemacao.com\/1\/wp-json\/wp\/v2\/tags?post=59735"}],"curies":[{"name":"wp","href":"https:\/\/api.w.org\/{rel}","templated":true}]}}