{"id":59739,"date":"2018-08-03T18:06:59","date_gmt":"2018-08-03T21:06:59","guid":{"rendered":"http:\/\/caririemacao.com\/1\/?p=59739"},"modified":"2018-08-03T18:06:59","modified_gmt":"2018-08-03T21:06:59","slug":"bandidos-violentos-e-armados-promovem-terror-em-assalto-a-posto-de-combustivel-em-boa-vista","status":"publish","type":"post","link":"https:\/\/www.caririemacao.com\/1\/2018\/08\/03\/bandidos-violentos-e-armados-promovem-terror-em-assalto-a-posto-de-combustivel-em-boa-vista\/","title":{"rendered":"Bandidos violentos e armados promovem terror em assalto a posto de combust\u00edvel em Boa Vista"},"content":{"rendered":"<p>Dois bandidos\u00a0armados e a bordo de uma motocicleta,\u00a0assaltaram por volta das 16 horas desta\u00a0quarta-feira (1) o Posto de combust\u00edvel\u00a0localizado as\u00a0margens da BR 412 na cidade caririzeira de Boa Vista.<\/p>\n<p>Os meliantes renderam os frentista e\u00a0uma das propriet\u00e1rias do\u00a0estabelecimento, que ficou bastante\u00a0nervosa com a\u00a0 a\u00e7\u00e3o violenta dos\u00a0marginais.\u00a0Eles levaram os funcion\u00e1rios para\u00a0dentro do escrit\u00f3rio onde estava a\u00a0propriet\u00e1ria do posto e querendo levar um\u00a0cofre que havia no local.<\/p>\n<p>Bastante nervoso, um dos criminosos\u00a0colocou a arma na cabe\u00e7a de um dos\u00a0frentistas e da dona do posto, gritando e<br \/>\nquerendo levar o cofre a todo custo e,\u00a0inclusive, chegou a quebrar o vidro de um dos bir\u00f4s do escrit\u00f3rio.<\/p>\n<p>Como n\u00e3o conseguindo roubar o cofre, levaram uma certa quantia em dinheiro e aparelhos\u00a0celulares, fugindo em\u00a0 seguida para a cidade de Cabaceiras, por uma estrada vicinal que\u00a0fica ao lado do posto.<\/p>\n<p>Nervosa, a dona do estabelecimento chorava bastante muito nervosa devido a a\u00e7\u00e3o dos\u00a0marginais, bem\u00a0 como os funcion\u00e1rios.\u00a0Ela lamentou o epis\u00f3dio e disse que j\u00e1 conversou com o marido, tentando convenc\u00ea-lo a\u00a0 vender o\u00a0posto, haja vista que j\u00e1 foram v\u00edtimas de assaltos em outras oportunidades e a mesma teme que\u00a0aconte\u00e7a algo pior.<\/p>\n<p>&nbsp;<\/p>\n<p>Fonte: Vitrine do Cariri<\/p>\n<p>Leia mais not\u00edcias em\u00a0<a href=\"http:\/\/www.caririemacao.com\/\">caririemacao.com<\/a>, siga nossa p\u00e1gina no\u00a0<a href=\"https:\/\/www.facebook.com\/CaririEmAcao\/?ref=aymt_homepage_panel\">Facebook<\/a>,\u00a0<a href=\"https:\/\/www.instagram.com\/cariri_em_acao\/?hl=pt-br\">Instagram<\/a>\u00a0e\u00a0<a href=\"https:\/\/www.youtube.com\/channel\/UCAptA0jQuYQy8vMhLt2m4qg\">Youtube<\/a>\u00a0e veja nossas mat\u00e9rias, v\u00eddeos e fotos. Voc\u00ea tamb\u00e9m pode enviar informa\u00e7\u00f5es \u00e0 Reda\u00e7\u00e3o do Portal Cariri em A\u00e7\u00e3o pelo WhatsApp (83) 9 9634.5791, (83) 9 9601-1162.<\/p>\n","protected":false},"excerpt":{"rendered":"<p>Dois bandidos\u00a0armados e a bordo de uma motocicleta,\u00a0assaltaram por volta das 16 horas desta\u00a0quarta-feira (1) o Posto de combust\u00edvel\u00a0localizado as\u00a0margens da BR 412 na cidade&hellip; <\/p>\n","protected":false},"author":1,"featured_media":42005,"comment_status":"closed","ping_status":"closed","sticky":false,"template":"","format":"standard","meta":{"sfsi_plus_gutenberg_text_before_share":"","sfsi_plus_gutenberg_show_text_before_share":"","sfsi_plus_gutenberg_icon_type":"","sfsi_plus_gutenberg_icon_alignemt":"","sfsi_plus_gutenburg_max_per_row":"","footnotes":""},"categories":[12],"tags":[],"class_list":["post-59739","post","type-post","status-publish","format-standard","has-post-thumbnail","hentry","category-policia"],"_links":{"self":[{"href":"https:\/\/www.caririemacao.com\/1\/wp-json\/wp\/v2\/posts\/59739","targetHints":{"allow":["GET"]}}],"collection":[{"href":"https:\/\/www.caririemacao.com\/1\/wp-json\/wp\/v2\/posts"}],"about":[{"href":"https:\/\/www.caririemacao.com\/1\/wp-json\/wp\/v2\/types\/post"}],"author":[{"embeddable":true,"href":"https:\/\/www.caririemacao.com\/1\/wp-json\/wp\/v2\/users\/1"}],"replies":[{"embeddable":true,"href":"https:\/\/www.caririemacao.com\/1\/wp-json\/wp\/v2\/comments?post=59739"}],"version-history":[{"count":1,"href":"https:\/\/www.caririemacao.com\/1\/wp-json\/wp\/v2\/posts\/59739\/revisions"}],"predecessor-version":[{"id":59740,"href":"https:\/\/www.caririemacao.com\/1\/wp-json\/wp\/v2\/posts\/59739\/revisions\/59740"}],"wp:featuredmedia":[{"embeddable":true,"href":"https:\/\/www.caririemacao.com\/1\/wp-json\/wp\/v2\/media\/42005"}],"wp:attachment":[{"href":"https:\/\/www.caririemacao.com\/1\/wp-json\/wp\/v2\/media?parent=59739"}],"wp:term":[{"taxonomy":"category","embeddable":true,"href":"https:\/\/www.caririemacao.com\/1\/wp-json\/wp\/v2\/categories?post=59739"},{"taxonomy":"post_tag","embeddable":true,"href":"https:\/\/www.caririemacao.com\/1\/wp-json\/wp\/v2\/tags?post=59739"}],"curies":[{"name":"wp","href":"https:\/\/api.w.org\/{rel}","templated":true}]}}