{"id":59741,"date":"2018-08-03T18:21:55","date_gmt":"2018-08-03T21:21:55","guid":{"rendered":"http:\/\/caririemacao.com\/1\/?p=59741"},"modified":"2018-08-03T18:21:55","modified_gmt":"2018-08-03T21:21:55","slug":"pabllo-vittar-pode-virar-personagem-em-hq-que-busca-dar-visibilidade-a-causa-lgbt","status":"publish","type":"post","link":"https:\/\/www.caririemacao.com\/1\/2018\/08\/03\/pabllo-vittar-pode-virar-personagem-em-hq-que-busca-dar-visibilidade-a-causa-lgbt\/","title":{"rendered":"Pabllo Vittar pode virar personagem em HQ que busca dar visibilidade \u00e0 causa LGBT"},"content":{"rendered":"<p>A cantora Pabllo Vittar, 23, \u00e9 a principal atra\u00e7\u00e3o do show de encerramento dos Jogos Ol\u00edmpicos, mas um atentado terrorista pode colocar tudo a perder. \u00c9 assim que come\u00e7a o primeiro n\u00famero da revista em quadrinhos \u201cV\u00e9lox \u2013 O Campe\u00e3o da Liberdade\u201d.<\/p>\n<p>O projeto do ator e quadrinista Elyan Lopes, 35, mostra com muita a\u00e7\u00e3o e suspense a luta da cantora, ao lado do super-her\u00f3i gay V\u00e9lox, contra o terr\u00edvel Messias, um fan\u00e1tico terrorista com superpoderes.<\/p>\n<p>Para esse projeto, Lopes lan\u00e7ou uma campanha de financiamento coletivo no site www.catarse.me\/velox e precisa arrecadar R$ 20 mil at\u00e9 15 de setembro. Se conseguir, a HQ ser\u00e1 lan\u00e7ada em dezembro.<\/p>\n<p>Segundo Lopes, o objetivo \u00e9 proporcionar maior diversidade e representatividade aos quadrinhos nacionais, dando visibilidade \u00e0 causa LGBTI+ -na Parada Gay deste ano, a associa\u00e7\u00e3o que realiza o evento incluiu o I e o sinal + na sigla LGBT para representar o intersexo e outras identidades.<\/p>\n<div id=\"attachment_483133\" class=\"wp-caption aligncenter\"><img decoding=\"async\" class=\"wp-image-483133 size-full lazyload\" data-src=\"https:\/\/paraibaonline.com.br\/wp-content\/uploads\/2018\/08\/maxresdefault.jpg\" data-srcset=\"https:\/\/paraibaonline.com.br\/wp-content\/uploads\/2018\/08\/maxresdefault.jpg 721w, https:\/\/paraibaonline.com.br\/wp-content\/uploads\/2018\/08\/maxresdefault-423x417.jpg 423w, https:\/\/paraibaonline.com.br\/wp-content\/uploads\/2018\/08\/maxresdefault-671x662.jpg 671w\" alt=\"Foto: Reprodu\u00e7\u00e3o\/YouTube\" src=\"data:image\/svg+xml;base64,PHN2ZyB3aWR0aD0iMSIgaGVpZ2h0PSIxIiB4bWxucz0iaHR0cDovL3d3dy53My5vcmcvMjAwMC9zdmciPjwvc3ZnPg==\" \/><\/p>\n<p class=\"wp-caption-text\">Foto: Reprodu\u00e7\u00e3o<\/p>\n<\/div>\n<p>A participa\u00e7\u00e3o especial de Pabllo Vittar na hist\u00f3ria surge como s\u00edmbolo dessa proposta. \u201cSou f\u00e3 dela e da sua import\u00e2ncia para o cen\u00e1rio LGBTI+\u201d.<\/p>\n<p>Em entrevista \u00e0 revista Quem, a cantora disse que se sente muito orgulhosa em participar do projeto. \u201c\u00c9 muito legal porque, al\u00e9m de ser f\u00e3 dos desenhos, quadrinhos e s\u00e9ries animadas, \u00e9 um jeito legal de passar essa mensagem de igualdade e mostrar tamb\u00e9m o tamanho da nossa for\u00e7a.\u201d<\/p>\n<p>O quadrinista conta que a ideia da HQ surgiu em 2016, quando a Olimp\u00edada foi realizada no Rio de Janeiro. \u201cFui inspirado pela determina\u00e7\u00e3o e for\u00e7a dos nossos ginastas, que, mesmo sem muitos recursos, deram tudo de si durante a disputa e fizeram um lindo trabalho\u201d, revela.<\/p>\n<p>Somado a isso, Lopes conta que sempre quis fazer um super-her\u00f3i assumidamente homossexual.<\/p>\n<p>Na hist\u00f3ria, o protagonista Eron Maya \u00e9 considerado um dos melhores ginastas ol\u00edmpicos do mundo. Mas, durante uma apresenta\u00e7\u00e3o, ele sofre uma queda fatal e fica parapl\u00e9gico. \u00c9 nesse momento que ele vai receber poderes especiais de uma entidade misteriosa e se torna o her\u00f3i V\u00e9lox.<\/p>\n<p>No entanto, apesar de correr e voar, o Maya vive um conflito interno: A dificuldade em aceitar a sua homossexualidade.<br \/>\nV\u00e9lox \u00e9 o quarto t\u00edtulo lan\u00e7ado por Lopes, que j\u00e1 criou \u201cCapit\u00e3o R.E.D \u201c(2012), \u201cProtocolo: A Ordem\u201d (2016) e \u201cAlfa: A Primeira Ordem\u201d.<\/p>\n<p>\u201c\u00c9 a maior liga de super-her\u00f3is brasileiros que se uniram com her\u00f3is antigos, como Raio Negro e Capit\u00e3o Gralha\u201d, diz.<\/p>\n<p>O quadrinista lamenta a falta de apoio para fazer quadrinhos no Brasil. \u201cN\u00e3o existe um mecanismo empresarial ou incentivo do governo federal que d\u00ea suporte ao quadrinho nacional, como acontece com o cinema, por exemplo. Nem lei existe. O que nos resta \u00e9 o financiamento coletivo\u201d, conclui<\/p>\n<p>&nbsp;<\/p>\n<p>Fonte: Para\u00edba Online\/Foto: Reprodu\u00e7\u00e3o<\/p>\n<p>Leia mais not\u00edcias em\u00a0<a href=\"http:\/\/www.caririemacao.com\/\">caririemacao.com<\/a>, siga nossa p\u00e1gina no\u00a0<a href=\"https:\/\/www.facebook.com\/CaririEmAcao\/?ref=aymt_homepage_panel\">Facebook<\/a>,\u00a0<a href=\"https:\/\/www.instagram.com\/cariri_em_acao\/?hl=pt-br\">Instagram<\/a>\u00a0e\u00a0<a href=\"https:\/\/www.youtube.com\/channel\/UCAptA0jQuYQy8vMhLt2m4qg\">Youtube<\/a>\u00a0e veja nossas mat\u00e9rias, v\u00eddeos e fotos. Voc\u00ea tamb\u00e9m pode enviar informa\u00e7\u00f5es \u00e0 Reda\u00e7\u00e3o do Portal Cariri em A\u00e7\u00e3o pelo WhatsApp (83) 9 9634.5791, (83) 9 9601-1162.<\/p>\n","protected":false},"excerpt":{"rendered":"<p>A cantora Pabllo Vittar, 23, \u00e9 a principal atra\u00e7\u00e3o do show de encerramento dos Jogos Ol\u00edmpicos, mas um atentado terrorista pode colocar tudo a perder.&hellip; <\/p>\n","protected":false},"author":1,"featured_media":59742,"comment_status":"closed","ping_status":"closed","sticky":false,"template":"","format":"standard","meta":{"sfsi_plus_gutenberg_text_before_share":"","sfsi_plus_gutenberg_show_text_before_share":"","sfsi_plus_gutenberg_icon_type":"","sfsi_plus_gutenberg_icon_alignemt":"","sfsi_plus_gutenburg_max_per_row":"","footnotes":""},"categories":[2],"tags":[],"class_list":["post-59741","post","type-post","status-publish","format-standard","has-post-thumbnail","hentry","category-geral"],"_links":{"self":[{"href":"https:\/\/www.caririemacao.com\/1\/wp-json\/wp\/v2\/posts\/59741","targetHints":{"allow":["GET"]}}],"collection":[{"href":"https:\/\/www.caririemacao.com\/1\/wp-json\/wp\/v2\/posts"}],"about":[{"href":"https:\/\/www.caririemacao.com\/1\/wp-json\/wp\/v2\/types\/post"}],"author":[{"embeddable":true,"href":"https:\/\/www.caririemacao.com\/1\/wp-json\/wp\/v2\/users\/1"}],"replies":[{"embeddable":true,"href":"https:\/\/www.caririemacao.com\/1\/wp-json\/wp\/v2\/comments?post=59741"}],"version-history":[{"count":1,"href":"https:\/\/www.caririemacao.com\/1\/wp-json\/wp\/v2\/posts\/59741\/revisions"}],"predecessor-version":[{"id":59743,"href":"https:\/\/www.caririemacao.com\/1\/wp-json\/wp\/v2\/posts\/59741\/revisions\/59743"}],"wp:featuredmedia":[{"embeddable":true,"href":"https:\/\/www.caririemacao.com\/1\/wp-json\/wp\/v2\/media\/59742"}],"wp:attachment":[{"href":"https:\/\/www.caririemacao.com\/1\/wp-json\/wp\/v2\/media?parent=59741"}],"wp:term":[{"taxonomy":"category","embeddable":true,"href":"https:\/\/www.caririemacao.com\/1\/wp-json\/wp\/v2\/categories?post=59741"},{"taxonomy":"post_tag","embeddable":true,"href":"https:\/\/www.caririemacao.com\/1\/wp-json\/wp\/v2\/tags?post=59741"}],"curies":[{"name":"wp","href":"https:\/\/api.w.org\/{rel}","templated":true}]}}