{"id":59747,"date":"2018-08-03T18:38:03","date_gmt":"2018-08-03T21:38:03","guid":{"rendered":"http:\/\/caririemacao.com\/1\/?p=59747"},"modified":"2018-08-03T18:38:03","modified_gmt":"2018-08-03T21:38:03","slug":"rc-participa-de-pre-embarque-dos-estudantes-e-professores-selecionados-no-gira-mundo-2018","status":"publish","type":"post","link":"https:\/\/www.caririemacao.com\/1\/2018\/08\/03\/rc-participa-de-pre-embarque-dos-estudantes-e-professores-selecionados-no-gira-mundo-2018\/","title":{"rendered":"RC participa de pr\u00e9-embarque dos estudantes e professores selecionados no Gira Mundo 2018"},"content":{"rendered":"<p>Os 200 estudantes e 100 professores da rede estadual de ensino selecionados no Programa Gira Mundo 2018 para fazerem interc\u00e2mbios em outros pa\u00edses participaram, nesta sexta-feira (3), da solenidade oficial de pr\u00e9-embarque, realizada no Centro de Forma\u00e7\u00e3o de Educadores, em Jo\u00e3o Pessoa, na qual foram entregues os passaportes. Os primeiros a embarcarem ser\u00e3o os 20 professores selecionados para o Gira Mundo Israel, os quais viajam ainda nesta sexta-feira. J\u00e1 neste s\u00e1bado (4), partem os 25 alunos que v\u00e3o estudar na Argentina.<\/p>\n<div class=\"amp-hidden\">\n<div class=\"i-amphtml-ad-default-holder\" data-ad-holder-text=\"Ad\">Esta ser\u00e1 a primeira vez que Israel e Argentina se tornar\u00e3o destinos dos aprovados no Programa Gira Mundo. Os outros estudantes e professores intercambistas deste Programa v\u00e3o, posteriormente, para o Canad\u00e1, Portugal, Espanha e Finl\u00e2ndia. Os jovens s\u00f3 retornar\u00e3o \u00e0 Para\u00edba ap\u00f3s cinco meses de estudos, j\u00e1 os professores realizam interc\u00e2mbio que pode variar entre um e dois meses.<\/div>\n<\/div>\n<p>O governador Ricardo Coutinho, representantes dos consulados de Portugal e Canad\u00e1 e outras autoridades estiveram presentes na solenidade. Para o governador, o Gira Mundo representa \u201cuma grande oportunidade para os jovens que v\u00e3o adquirir mais conhecimentos em outro pa\u00eds e tamb\u00e9m para o aperfei\u00e7oamento dos professores\u201d. Ele ainda ressaltou que este programa fortalece os la\u00e7os culturais entre pa\u00edses e espalha entusiasmo na rede estadual de ensino.<\/p>\n<p>O secret\u00e1rio da Educa\u00e7\u00e3o, Al\u00e9ssio Trindade, destacou que este encontro do Gira Mundo celebra o \u00eaxito do Programa que foi implantado em 2016 pelo Governo do Estado e j\u00e1 est\u00e1 na sua terceira edi\u00e7\u00e3o. \u201c\u00c9 um Programa que renova o \u00e2nimo dos estudantes e professores da rede estadual, melhora a qualidade do ensino e amplia o n\u00edvel de conhecimento dos jovens\u201d, observou.<\/p>\n<div class=\"amp-hidden\">\n<div class=\"i-amphtml-ad-default-holder\" data-ad-holder-text=\"Ad\">\u201cEu espero viver intensamente essa experi\u00eancia que o Gira Mundo vai me proporcionar na Argentina. Quero melhorar meu espanhol e adquirir mais conhecimentos sobre a cultura e a realidade do pa\u00eds. Meus pais me apoiaram e j\u00e1 estou com as malas prontas\u201d, falou o estudante de Santa Rita, Davi Ramos.<\/div>\n<\/div>\n<p>O estudante ind\u00edgena Humberto de Ara\u00fajo tem 15 anos e integra uma aldeia na Ba\u00eda da Trai\u00e7\u00e3o. Ele foi um dos selecionados para o interc\u00e2mbio na Argentina e recebeu o passaporte das m\u00e3os do governador Ricardo Coutinho. O aluno disse que est\u00e1 preparado para estudar em outro pa\u00eds e voltar com mais conhecimentos.<\/p>\n<p>Os jovens s\u00f3 retornar\u00e3o \u00e0 Para\u00edba ap\u00f3s cinco meses de estudos. Eles receber\u00e3o uma bolsa instala\u00e7\u00e3o e cinco bolsas manuten\u00e7\u00e3o e ter\u00e3o seguro de sa\u00fade durante o per\u00edodo em que estiverem residindo no pa\u00eds de destino. A acomoda\u00e7\u00e3o ser\u00e1 em casa de fam\u00edlia residente na localidade definida para o intercambista. Cada estudante dever\u00e1 desenvolver um projeto, durante o interc\u00e2mbio, o qual ser\u00e1 aplicado em sua escola e regi\u00e3o no seu regresso ao Brasil.<\/p>\n<div class=\"amp-hidden\">\n<div class=\"i-amphtml-ad-default-holder\" data-ad-holder-text=\"Ad\">O professor de f\u00edsica Cl\u00e1udio Reinke, da cidade de S\u00e3o Jo\u00e3o do Rio do Peixe, embarca nesta sexta-feira para Israel e relatou um pouco do seu objetivo neste interc\u00e2mbio. \u201c\u00c9 um projeto inovador que vai nos dar a chance de adquirirmos experi\u00eancias que t\u00eam rela\u00e7\u00e3o com nossa regi\u00e3o, para que depois a gente possa socializar o aprendizado nas escolas. Quero passar os conhecimentos vindos de Israel para a comunidade atrav\u00e9s de aulas e workshops e, dessa forma, colaborar com a sustentabilidade no local onde vivemos\u201d, disse.<\/div>\n<\/div>\n<p>O Gira Mundo Israel visa o aperfei\u00e7oamento profissional dos professores das regi\u00f5es com escassez de \u00e1gua, para que eles contribuam com a aplica\u00e7\u00e3o de projetos de desenvolvimento do semi\u00e1rido paraibano. Os professores v\u00e3o adquirir conhecimentos sobre: Agricultura Sustent\u00e1vel, Constru\u00e7\u00f5es Naturais, Energias Renov\u00e1veis e Tecnologias Alternativas, Comunidades Ecol\u00f3gicas, Irriga\u00e7\u00e3o e Produ\u00e7\u00e3o de Alimentos.<\/p>\n<p>&nbsp;<\/p>\n<p>Fonte:Para\u00edba J\u00e1\/Foto: Reprodu\u00e7\u00e3o<\/p>\n<p>Leia mais not\u00edcias em\u00a0<a href=\"http:\/\/www.caririemacao.com\/\">caririemacao.com<\/a>, siga nossa p\u00e1gina no\u00a0<a href=\"https:\/\/www.facebook.com\/CaririEmAcao\/?ref=aymt_homepage_panel\">Facebook<\/a>,\u00a0<a href=\"https:\/\/www.instagram.com\/cariri_em_acao\/?hl=pt-br\">Instagram<\/a>\u00a0e\u00a0<a href=\"https:\/\/www.youtube.com\/channel\/UCAptA0jQuYQy8vMhLt2m4qg\">Youtube<\/a>\u00a0e veja nossas mat\u00e9rias, v\u00eddeos e fotos. Voc\u00ea tamb\u00e9m pode enviar informa\u00e7\u00f5es \u00e0 Reda\u00e7\u00e3o do Portal Cariri em A\u00e7\u00e3o pelo WhatsApp (83) 9 9634.5791, (83) 9 9601-1162.<\/p>\n","protected":false},"excerpt":{"rendered":"<p>Os 200 estudantes e 100 professores da rede estadual de ensino selecionados no Programa Gira Mundo 2018 para fazerem interc\u00e2mbios em outros pa\u00edses participaram, nesta&hellip; <\/p>\n","protected":false},"author":1,"featured_media":59748,"comment_status":"closed","ping_status":"closed","sticky":false,"template":"","format":"standard","meta":{"sfsi_plus_gutenberg_text_before_share":"","sfsi_plus_gutenberg_show_text_before_share":"","sfsi_plus_gutenberg_icon_type":"","sfsi_plus_gutenberg_icon_alignemt":"","sfsi_plus_gutenburg_max_per_row":"","footnotes":""},"categories":[14],"tags":[],"class_list":["post-59747","post","type-post","status-publish","format-standard","has-post-thumbnail","hentry","category-educacao"],"_links":{"self":[{"href":"https:\/\/www.caririemacao.com\/1\/wp-json\/wp\/v2\/posts\/59747","targetHints":{"allow":["GET"]}}],"collection":[{"href":"https:\/\/www.caririemacao.com\/1\/wp-json\/wp\/v2\/posts"}],"about":[{"href":"https:\/\/www.caririemacao.com\/1\/wp-json\/wp\/v2\/types\/post"}],"author":[{"embeddable":true,"href":"https:\/\/www.caririemacao.com\/1\/wp-json\/wp\/v2\/users\/1"}],"replies":[{"embeddable":true,"href":"https:\/\/www.caririemacao.com\/1\/wp-json\/wp\/v2\/comments?post=59747"}],"version-history":[{"count":1,"href":"https:\/\/www.caririemacao.com\/1\/wp-json\/wp\/v2\/posts\/59747\/revisions"}],"predecessor-version":[{"id":59749,"href":"https:\/\/www.caririemacao.com\/1\/wp-json\/wp\/v2\/posts\/59747\/revisions\/59749"}],"wp:featuredmedia":[{"embeddable":true,"href":"https:\/\/www.caririemacao.com\/1\/wp-json\/wp\/v2\/media\/59748"}],"wp:attachment":[{"href":"https:\/\/www.caririemacao.com\/1\/wp-json\/wp\/v2\/media?parent=59747"}],"wp:term":[{"taxonomy":"category","embeddable":true,"href":"https:\/\/www.caririemacao.com\/1\/wp-json\/wp\/v2\/categories?post=59747"},{"taxonomy":"post_tag","embeddable":true,"href":"https:\/\/www.caririemacao.com\/1\/wp-json\/wp\/v2\/tags?post=59747"}],"curies":[{"name":"wp","href":"https:\/\/api.w.org\/{rel}","templated":true}]}}