{"id":59760,"date":"2018-08-03T19:37:55","date_gmt":"2018-08-03T22:37:55","guid":{"rendered":"http:\/\/caririemacao.com\/1\/?p=59760"},"modified":"2018-08-03T19:37:55","modified_gmt":"2018-08-03T22:37:55","slug":"pt-vai-indicar-manuela-davila-como-vice-de-lula-neste-sabado","status":"publish","type":"post","link":"https:\/\/www.caririemacao.com\/1\/2018\/08\/03\/pt-vai-indicar-manuela-davila-como-vice-de-lula-neste-sabado\/","title":{"rendered":"PT vai indicar Manuela D&#8217;\u00c1vila como vice de Lula neste s\u00e1bado"},"content":{"rendered":"<p style=\"text-align: left;\">PT vai indicar neste s\u00e1bado (4) Manuela D&#8217;\u00c1vila como vice na chapa do ex-presidente Lula ao Planalto.<\/p>\n<div class=\"pub-container inside-news\">\n<div class=\"pub-space\"><ins class=\"adsbygoogle\" data-ad-client=\"ca-pub-5990868310294203\" data-ad-slot=\"1636004644\" data-adsbygoogle-status=\"done\"><ins id=\"aswift_1_expand\"><ins id=\"aswift_1_anchor\"><\/ins><\/ins><\/ins>A proposta deve ser formalizada ainda nesta sexta-feira (3) em uma reuni\u00e3o entre a presidente do PT, Gleisi Hoffmann (PR), e dirigentes do PCdoB. O encontro foi solicitado por Gleisi ap\u00f3s a petista consultar o ex-presidente Lula em Curitiba sobre as op\u00e7\u00f5es do partido.<\/div>\n<\/div>\n<p>Manuela j\u00e1 havia sido sondada sobre a possibilidade na semana passada. Ele precisar\u00e1 desistir de sua candidatura pr\u00f3pria pelo PCdoB ao Planalto. Seu partido vai se reunir na tarde de s\u00e1bado (4) e deve formalizar a retirada da candidatura pr\u00f3pria de Manuela.<\/p>\n<p>Gleisi e o ex-prefeito Fernando Haddad decidiram viajar na tarde desta sexta (3) a Curitiba para consultar Lula sobre o nome que seria indicado pelo partido.<\/p>\n<div class=\"google-auto-placed ap_container\"><ins class=\"adsbygoogle adsbygoogle-noablate\" data-ad-format=\"auto\" data-ad-client=\"ca-pub-5990868310294203\" data-adsbygoogle-status=\"done\"><ins id=\"aswift_6_expand\"><ins id=\"aswift_6_anchor\"><\/ins><\/ins><\/ins>Esse n\u00e3o era o plano inicial, mas o partido pretende compor, pelo menos no posto de vice, a parte oficial da chapa na sucess\u00e3o de Michel Temer em busca de uma esp\u00e9cie de uni\u00e3o da esquerda. A avalia\u00e7\u00e3o de Lula \u00e9 a de que a elei\u00e7\u00e3o deste ano ser\u00e1 polarizada, mais uma vez, entre direita e esquerda, e s\u00f3 ter\u00e1 espa\u00e7o para um nome de cada campo.<\/div>\n<p>A lei eleitoral determina que a oficializa\u00e7\u00e3o da chapa deve ser feita at\u00e9 24h ap\u00f3s o fim do prazo das conven\u00e7\u00f5es partid\u00e1rias, em 5 de agosto, contrariando os planos iniciais de Lula e do PT, que queriam indicar os nomes somente no registro das candidaturas, em 15 de agosto, para evitar desgaste e especula\u00e7\u00f5es sobre uma poss\u00edvel alternativa ao ex-presidente.<\/p>\n<div class=\"google-auto-placed ap_container\"><ins class=\"adsbygoogle adsbygoogle-noablate\" data-ad-format=\"auto\" data-ad-client=\"ca-pub-5990868310294203\" data-adsbygoogle-status=\"done\"><ins id=\"aswift_7_expand\"><ins id=\"aswift_7_anchor\"><\/ins><\/ins><\/ins>O tesoureiro da sigla, Emidio de Souza, acompanhou ambos na viagem.<\/div>\n<p>Haddad \u00e9 um dos cotados como plano B do PT caso Lula seja impedido de concorrer em outubro. Gleisi afirmou nesta sexta-feira (3) que o PT decidiria somente no s\u00e1bado (4), durante a conven\u00e7\u00e3o nacional do partido, qual ser\u00e1 o vice na chapa virtual de Lula -que deve ser impugnada com base na Lei da Ficha Limpa.<\/p>\n<p>As op\u00e7\u00f5es do PT levadas para a decis\u00e3o de Lula, eram as seguintes: indicar Manuela D&#8217;\u00c1vila (PC do B); ou Haddad ou Gleisi para a vaga, pass\u00edvel de substitui\u00e7\u00e3o a at\u00e9 20 dias da elei\u00e7\u00e3o; ou ainda escolher uma esp\u00e9cie de tamp\u00e3o, um nome que n\u00e3o levantaria expectativas sobre plano B mas tamb\u00e9m pronto para a troca durante o processo. Com informa\u00e7\u00f5es da Folhapress.<\/p>\n<p>&nbsp;<\/p>\n<p>Fonte: Not\u00edcias ao Minuto\/Foto: Reprodu\u00e7\u00e3o<\/p>\n<p>Leia mais not\u00edcias em\u00a0<a href=\"http:\/\/www.caririemacao.com\/\">caririemacao.com<\/a>, siga nossa p\u00e1gina no\u00a0<a href=\"https:\/\/www.facebook.com\/CaririEmAcao\/?ref=aymt_homepage_panel\">Facebook<\/a>,\u00a0<a href=\"https:\/\/www.instagram.com\/cariri_em_acao\/?hl=pt-br\">Instagram<\/a>\u00a0e\u00a0<a href=\"https:\/\/www.youtube.com\/channel\/UCAptA0jQuYQy8vMhLt2m4qg\">Youtube<\/a>\u00a0e veja nossas mat\u00e9rias, v\u00eddeos e fotos. Voc\u00ea tamb\u00e9m pode enviar informa\u00e7\u00f5es \u00e0 Reda\u00e7\u00e3o do Portal Cariri em A\u00e7\u00e3o pelo WhatsApp (83) 9 9634.5791, (83) 9 9601-1162.<\/p>\n","protected":false},"excerpt":{"rendered":"<p>PT vai indicar neste s\u00e1bado (4) Manuela D&#8217;\u00c1vila como vice na chapa do ex-presidente Lula ao Planalto. A proposta deve ser formalizada ainda nesta sexta-feira&hellip; <\/p>\n","protected":false},"author":1,"featured_media":59761,"comment_status":"closed","ping_status":"closed","sticky":false,"template":"","format":"standard","meta":{"sfsi_plus_gutenberg_text_before_share":"","sfsi_plus_gutenberg_show_text_before_share":"","sfsi_plus_gutenberg_icon_type":"","sfsi_plus_gutenberg_icon_alignemt":"","sfsi_plus_gutenburg_max_per_row":"","footnotes":""},"categories":[1],"tags":[],"class_list":["post-59760","post","type-post","status-publish","format-standard","has-post-thumbnail","hentry","category-o-site"],"_links":{"self":[{"href":"https:\/\/www.caririemacao.com\/1\/wp-json\/wp\/v2\/posts\/59760","targetHints":{"allow":["GET"]}}],"collection":[{"href":"https:\/\/www.caririemacao.com\/1\/wp-json\/wp\/v2\/posts"}],"about":[{"href":"https:\/\/www.caririemacao.com\/1\/wp-json\/wp\/v2\/types\/post"}],"author":[{"embeddable":true,"href":"https:\/\/www.caririemacao.com\/1\/wp-json\/wp\/v2\/users\/1"}],"replies":[{"embeddable":true,"href":"https:\/\/www.caririemacao.com\/1\/wp-json\/wp\/v2\/comments?post=59760"}],"version-history":[{"count":1,"href":"https:\/\/www.caririemacao.com\/1\/wp-json\/wp\/v2\/posts\/59760\/revisions"}],"predecessor-version":[{"id":59762,"href":"https:\/\/www.caririemacao.com\/1\/wp-json\/wp\/v2\/posts\/59760\/revisions\/59762"}],"wp:featuredmedia":[{"embeddable":true,"href":"https:\/\/www.caririemacao.com\/1\/wp-json\/wp\/v2\/media\/59761"}],"wp:attachment":[{"href":"https:\/\/www.caririemacao.com\/1\/wp-json\/wp\/v2\/media?parent=59760"}],"wp:term":[{"taxonomy":"category","embeddable":true,"href":"https:\/\/www.caririemacao.com\/1\/wp-json\/wp\/v2\/categories?post=59760"},{"taxonomy":"post_tag","embeddable":true,"href":"https:\/\/www.caririemacao.com\/1\/wp-json\/wp\/v2\/tags?post=59760"}],"curies":[{"name":"wp","href":"https:\/\/api.w.org\/{rel}","templated":true}]}}