{"id":59765,"date":"2018-08-03T21:13:34","date_gmt":"2018-08-04T00:13:34","guid":{"rendered":"http:\/\/caririemacao.com\/1\/?p=59765"},"modified":"2018-08-03T21:13:34","modified_gmt":"2018-08-04T00:13:34","slug":"lula-veta-indicacao-de-candidato-a-vice-presidente-na-chapa-do-pt","status":"publish","type":"post","link":"https:\/\/www.caririemacao.com\/1\/2018\/08\/03\/lula-veta-indicacao-de-candidato-a-vice-presidente-na-chapa-do-pt\/","title":{"rendered":"Lula veta indica\u00e7\u00e3o de candidato a vice-presidente na chapa do PT"},"content":{"rendered":"<p>O ex-presidente Lula contrariou sua assessoria jur\u00eddica e determinou que o PT n\u00e3o indique neste s\u00e1bado (4) Manuela D\u2019\u00c1vila (PC do B) como vice de sua chapa ao Planalto.<\/p>\n<p>Durante reuni\u00e3o com a c\u00fapula petista, na tarde desta sexta-feira (3), a presidente do partido, Gleisi Hoffmann (PR), foi convocada por Lula para ir a Curitiba, onde ele est\u00e1 preso h\u00e1 quatro meses, para receber as orienta\u00e7\u00f5es sobre a oficializa\u00e7\u00e3o da chapa do PT na sucess\u00e3o de Michel Temer.<\/p>\n<p>Embora o partido tivesse manifestado desejo de indicar Manuela D\u2019\u00c1vila como vice de Lula j\u00e1 neste s\u00e1bado (4), para seguir a recomenda\u00e7\u00e3o da lei eleitoral, o ex-presidente decidiu brecar as negocia\u00e7\u00f5es.<\/p>\n<p>Na sa\u00edda da Superintend\u00eancia da Pol\u00edcia Federal, Gleisi anunciou que o PT n\u00e3o iria indicar um vice na chapa neste momento. \u201cN\u00e3o tivemos jurisprud\u00eancia que mude a regra do TSE (Tribunal Superior Eleitoral) no prazo para apresenta\u00e7\u00e3o da vice. Vamos encaminhar junto \u00e0 executiva nacional\u201d, afirmou.<\/p>\n<p>At\u00e9 o \u00faltimo minuto do encontro, advogados de Lula tentavam acionar Gleisi por telefone para dizer que o mais prudente era seguir a legisla\u00e7\u00e3o, que determina que a oficializa\u00e7\u00e3o da chapa deve ser feita at\u00e9 24 horas ap\u00f3s o fim do prazo das conven\u00e7\u00f5es partid\u00e1rias, em 5 de agosto.<\/p>\n<p><img decoding=\"async\" class=\"alignnone size-full wp-image-299242 lazyload\" data-src=\"https:\/\/paraibaonline.com.br\/wp-content\/uploads\/2018\/05\/lula.jpg\" alt=\"Foto: Ascom\" src=\"data:image\/svg+xml;base64,PHN2ZyB3aWR0aD0iMSIgaGVpZ2h0PSIxIiB4bWxucz0iaHR0cDovL3d3dy53My5vcmcvMjAwMC9zdmciPjwvc3ZnPg==\" \/><\/p>\n<p>Mais cedo, emiss\u00e1rios de Lula consultaram dirigentes do PCdoB sobre a hip\u00f3tese de Manuela desistir da candidatura pr\u00f3pria ao Planalto e esperar at\u00e9 15 de agosto, prazo final para o registro das candidaturas, para ser oficializada vice na chapa do PT. L\u00edderes da sigla aliada, por\u00e9m, consideraram a proposta \u201cconstrangedora\u201d.<\/p>\n<p>Diante da negativa, Gleisi viajou ao lado de Fernando Haddad, cotado como plano B caso Lula seja impedido de concorrer em outubro, para levar ao ex-presidente a proposta de indica\u00e7\u00e3o de Manuela j\u00e1 durante a conven\u00e7\u00e3o do partido, no s\u00e1bado, mas ouviu o n\u00e3o como resposta.<\/p>\n<p>Petistas que ficaram em S\u00e3o Paulo disseram que havia \u201ccerta inseguran\u00e7a\u201d quanto \u00e0 rea\u00e7\u00e3o de Lula com a proposta. O ex-presidente recha\u00e7ava qualquer ideia de indicar vice antes do dia 15 de agosto, para evitar especula\u00e7\u00f5es sobre op\u00e7\u00f5es \u00e0 sua candidatura.<\/p>\n<p>A ideia ecoada por Gleisi \u00e9 de que a decis\u00e3o sobre vice ser\u00e1 delegada \u00e0 executiva nacional do partido que, em 14 de agosto, bateria o martelo, para o registro no dia 15.<\/p>\n<p>&nbsp;<\/p>\n<p>Foto: Reprodu\u00e7\u00e3o<\/p>\n<p>Leia mais not\u00edcias em\u00a0<a href=\"http:\/\/www.caririemacao.com\/\">caririemacao.com<\/a>, siga nossa p\u00e1gina no\u00a0<a href=\"https:\/\/www.facebook.com\/CaririEmAcao\/?ref=aymt_homepage_panel\">Facebook<\/a>,\u00a0<a href=\"https:\/\/www.instagram.com\/cariri_em_acao\/?hl=pt-br\">Instagram<\/a>\u00a0e\u00a0<a href=\"https:\/\/www.youtube.com\/channel\/UCAptA0jQuYQy8vMhLt2m4qg\">Youtube<\/a>\u00a0e veja nossas mat\u00e9rias, v\u00eddeos e fotos. Voc\u00ea tamb\u00e9m pode enviar informa\u00e7\u00f5es \u00e0 Reda\u00e7\u00e3o do Portal Cariri em A\u00e7\u00e3o pelo WhatsApp (83) 9 9634.5791, (83) 9 9601<\/p>\n","protected":false},"excerpt":{"rendered":"<p>O ex-presidente Lula contrariou sua assessoria jur\u00eddica e determinou que o PT n\u00e3o indique neste s\u00e1bado (4) Manuela D\u2019\u00c1vila (PC do B) como vice de&hellip; <\/p>\n","protected":false},"author":1,"featured_media":59766,"comment_status":"closed","ping_status":"closed","sticky":false,"template":"","format":"standard","meta":{"sfsi_plus_gutenberg_text_before_share":"","sfsi_plus_gutenberg_show_text_before_share":"","sfsi_plus_gutenberg_icon_type":"","sfsi_plus_gutenberg_icon_alignemt":"","sfsi_plus_gutenburg_max_per_row":"","footnotes":""},"categories":[1],"tags":[],"class_list":["post-59765","post","type-post","status-publish","format-standard","has-post-thumbnail","hentry","category-o-site"],"_links":{"self":[{"href":"https:\/\/www.caririemacao.com\/1\/wp-json\/wp\/v2\/posts\/59765","targetHints":{"allow":["GET"]}}],"collection":[{"href":"https:\/\/www.caririemacao.com\/1\/wp-json\/wp\/v2\/posts"}],"about":[{"href":"https:\/\/www.caririemacao.com\/1\/wp-json\/wp\/v2\/types\/post"}],"author":[{"embeddable":true,"href":"https:\/\/www.caririemacao.com\/1\/wp-json\/wp\/v2\/users\/1"}],"replies":[{"embeddable":true,"href":"https:\/\/www.caririemacao.com\/1\/wp-json\/wp\/v2\/comments?post=59765"}],"version-history":[{"count":1,"href":"https:\/\/www.caririemacao.com\/1\/wp-json\/wp\/v2\/posts\/59765\/revisions"}],"predecessor-version":[{"id":59767,"href":"https:\/\/www.caririemacao.com\/1\/wp-json\/wp\/v2\/posts\/59765\/revisions\/59767"}],"wp:featuredmedia":[{"embeddable":true,"href":"https:\/\/www.caririemacao.com\/1\/wp-json\/wp\/v2\/media\/59766"}],"wp:attachment":[{"href":"https:\/\/www.caririemacao.com\/1\/wp-json\/wp\/v2\/media?parent=59765"}],"wp:term":[{"taxonomy":"category","embeddable":true,"href":"https:\/\/www.caririemacao.com\/1\/wp-json\/wp\/v2\/categories?post=59765"},{"taxonomy":"post_tag","embeddable":true,"href":"https:\/\/www.caririemacao.com\/1\/wp-json\/wp\/v2\/tags?post=59765"}],"curies":[{"name":"wp","href":"https:\/\/api.w.org\/{rel}","templated":true}]}}