{"id":59768,"date":"2018-08-03T21:19:57","date_gmt":"2018-08-04T00:19:57","guid":{"rendered":"http:\/\/caririemacao.com\/1\/?p=59768"},"modified":"2018-08-03T21:19:57","modified_gmt":"2018-08-04T00:19:57","slug":"encceja-estudantes-se-preparam-para-exame-provas-acontecem-no-domingo-5","status":"publish","type":"post","link":"https:\/\/www.caririemacao.com\/1\/2018\/08\/03\/encceja-estudantes-se-preparam-para-exame-provas-acontecem-no-domingo-5\/","title":{"rendered":"Encceja: estudantes se preparam para exame; provas acontecem no domingo (5)"},"content":{"rendered":"<p>Neste domingo, 05 de agosto, ser\u00e3o aplicadas as provas do Exame Nacional para Certifica\u00e7\u00e3o de Compet\u00eancias de Jovens e Adultos (Encceja Nacional) 2018. Aproximadamente 1,7 milh\u00e3o de pessoas realizaram as inscri\u00e7\u00f5es para a edi\u00e7\u00e3o atual destas, 1,33 milh\u00e3o est\u00e3o inscritas para a avalia\u00e7\u00e3o do Ensino M\u00e9dio e 356 mil para o Ensino Fundamental.<\/p>\n<div class=\"row ads ads__with-bg hidden-print p-0 mb-35 mt-35\">\n<div id=\"em-publicidade-retangulo-interna\" data-google-query-id=\"COq6kIGP0twCFVg8Twod2b4Ibw\">\n<div id=\"google_ads_iframe_\/6887\/uai\/em\/educacao\/interna_2__container__\">Por meio do exame, \u00e9 poss\u00edvel obter a certifica\u00e7\u00e3o em um dos dois n\u00edveis educacionais assim como a profici\u00eancia nas \u00e1reas avaliadas. Apesar da import\u00e2ncia que o exame tem para os estudantes da modalidade Educa\u00e7\u00e3o de Jovens e Adultos (EJA), nem todos t\u00eam conhecimento da exist\u00eancia da avalia\u00e7\u00e3o. &#8220;Conheci o Encceja h\u00e1 pouco tempo por um colega de turma que vai fazer. N\u00e3o me inscrevi este ano, mas achei interessante porque, se eu tiver uma boa nota, j\u00e1 consigo a minha certifica\u00e7\u00e3o&#8221;, destaca Roberto de Oliveira Alexandre, 31 anos.<\/div>\n<\/div>\n<\/div>\n<p>Roberto \u00e9 bolsista EJA do\u00a0Educa Mais Brasil\u00a0e est\u00e1 concluindo a primeira etapa do curso equivalente ao primeiro ano e metade do segundo ano, ambos do ensino m\u00e9dio. At\u00e9 2019, o estudante concluir\u00e1 o terceiro ano e poder\u00e1 se inscrever na pr\u00f3xima edi\u00e7\u00e3o do Encceja.<\/p>\n<p>As provas ser\u00e3o aplicadas nos per\u00edodos matutino e vespertino, de acordo com o Hor\u00e1rio Oficial de Bras\u00edlia, pelo Instituto Nacional de Estudos e Pesquisas Educacionais An\u00edsio Teixeira (Inep). Todos os estados do pa\u00eds, al\u00e9m do Distrito Federal, participam. S\u00e3o 592 munic\u00edpios cadastrados nesta edi\u00e7\u00e3o quase 30 a mais do que a edi\u00e7\u00e3o anterior.<\/p>\n<p><b>Consulte o Cart\u00e3o de Confirma\u00e7\u00e3o de Inscri\u00e7\u00e3o<\/b><\/p>\n<p>O Cart\u00e3o de Confirma\u00e7\u00e3o de Inscri\u00e7\u00e3o Encceja 2018 j\u00e1 est\u00e1 dispon\u00edvel e pode ser consultado na P\u00e1gina do Participante por meio do CPF e da senha cadastrada. O documento cont\u00e9m informa\u00e7\u00f5es como data, hor\u00e1rio e local de realiza\u00e7\u00e3o das provas. Solicita\u00e7\u00f5es de atendimento especializado, espec\u00edfico e pelo nome social tamb\u00e9m est\u00e3o dispon\u00edveis.<\/p>\n<p>N\u00e3o \u00e9 obrigat\u00f3rio levar o Cart\u00e3o no dia da prova mas, para evitar contratempos, a orienta\u00e7\u00e3o do \u00f3rg\u00e3o \u00e9 que o documento esteja em m\u00e3os no dia da aplica\u00e7\u00e3o do Encceja Nacional.<\/p>\n<p>&nbsp;<\/p>\n<p>Leia mais not\u00edcias em\u00a0<a href=\"http:\/\/www.caririemacao.com\/\">caririemacao.com<\/a>, siga nossa p\u00e1gina no\u00a0<a href=\"https:\/\/www.facebook.com\/CaririEmAcao\/?ref=aymt_homepage_panel\">Facebook<\/a>,\u00a0<a href=\"https:\/\/www.instagram.com\/cariri_em_acao\/?hl=pt-br\">Instagram<\/a>\u00a0e\u00a0<a href=\"https:\/\/www.youtube.com\/channel\/UCAptA0jQuYQy8vMhLt2m4qg\">Youtube<\/a>\u00a0e veja nossas mat\u00e9rias, v\u00eddeos e fotos. Voc\u00ea tamb\u00e9m pode enviar informa\u00e7\u00f5es \u00e0 Reda\u00e7\u00e3o do Portal Cariri em A\u00e7\u00e3o pelo WhatsApp (83) 9 9634.5791, (83) 9 9601-1162.<\/p>\n","protected":false},"excerpt":{"rendered":"<p>Neste domingo, 05 de agosto, ser\u00e3o aplicadas as provas do Exame Nacional para Certifica\u00e7\u00e3o de Compet\u00eancias de Jovens e Adultos (Encceja Nacional) 2018. Aproximadamente 1,7&hellip; <\/p>\n","protected":false},"author":1,"featured_media":37359,"comment_status":"closed","ping_status":"closed","sticky":false,"template":"","format":"standard","meta":{"sfsi_plus_gutenberg_text_before_share":"","sfsi_plus_gutenberg_show_text_before_share":"","sfsi_plus_gutenberg_icon_type":"","sfsi_plus_gutenberg_icon_alignemt":"","sfsi_plus_gutenburg_max_per_row":"","footnotes":""},"categories":[14],"tags":[],"class_list":["post-59768","post","type-post","status-publish","format-standard","has-post-thumbnail","hentry","category-educacao"],"_links":{"self":[{"href":"https:\/\/www.caririemacao.com\/1\/wp-json\/wp\/v2\/posts\/59768","targetHints":{"allow":["GET"]}}],"collection":[{"href":"https:\/\/www.caririemacao.com\/1\/wp-json\/wp\/v2\/posts"}],"about":[{"href":"https:\/\/www.caririemacao.com\/1\/wp-json\/wp\/v2\/types\/post"}],"author":[{"embeddable":true,"href":"https:\/\/www.caririemacao.com\/1\/wp-json\/wp\/v2\/users\/1"}],"replies":[{"embeddable":true,"href":"https:\/\/www.caririemacao.com\/1\/wp-json\/wp\/v2\/comments?post=59768"}],"version-history":[{"count":1,"href":"https:\/\/www.caririemacao.com\/1\/wp-json\/wp\/v2\/posts\/59768\/revisions"}],"predecessor-version":[{"id":59769,"href":"https:\/\/www.caririemacao.com\/1\/wp-json\/wp\/v2\/posts\/59768\/revisions\/59769"}],"wp:featuredmedia":[{"embeddable":true,"href":"https:\/\/www.caririemacao.com\/1\/wp-json\/wp\/v2\/media\/37359"}],"wp:attachment":[{"href":"https:\/\/www.caririemacao.com\/1\/wp-json\/wp\/v2\/media?parent=59768"}],"wp:term":[{"taxonomy":"category","embeddable":true,"href":"https:\/\/www.caririemacao.com\/1\/wp-json\/wp\/v2\/categories?post=59768"},{"taxonomy":"post_tag","embeddable":true,"href":"https:\/\/www.caririemacao.com\/1\/wp-json\/wp\/v2\/tags?post=59768"}],"curies":[{"name":"wp","href":"https:\/\/api.w.org\/{rel}","templated":true}]}}