{"id":59770,"date":"2018-08-03T21:27:50","date_gmt":"2018-08-04T00:27:50","guid":{"rendered":"http:\/\/caririemacao.com\/1\/?p=59770"},"modified":"2018-08-03T21:27:50","modified_gmt":"2018-08-04T00:27:50","slug":"der-recomeca-servicos-da-operacao-tapa-buraco-e-contempla-varias-rodovias-no-cariri","status":"publish","type":"post","link":"https:\/\/www.caririemacao.com\/1\/2018\/08\/03\/der-recomeca-servicos-da-operacao-tapa-buraco-e-contempla-varias-rodovias-no-cariri\/","title":{"rendered":"DER recome\u00e7a servi\u00e7os da Opera\u00e7\u00e3o Tapa Buraco e contempla v\u00e1rias rodovias no Cariri"},"content":{"rendered":"<p>Com a redu\u00e7\u00e3o das chuvas, o Departamento de Estradas de Rodagem da Para\u00edba est\u00e1 dando continuidade \u00e0 Opera\u00e7\u00e3o Tapa Buraco em rodovias da malha estadual com servi\u00e7os sendo realizados pelas equipes das Resid\u00eancias Rodovi\u00e1rias do DER localizadas nas cidades de Sap\u00e9, Itabaiana, Sol\u00e2nea, Campina Grande, Sum\u00e9, Patos, Itaporanga e Cajazeiras.<\/p>\n<p>Do Cariri Paraibano, ser\u00e3o recuperados nesta opera\u00e7\u00e3o os trechos:\u00a0PB-240 \u2013 S\u00e3o Jo\u00e3o do Tigre\/Divisa da Para\u00edba com Pernambuco; PB-202 \u2013 Parari\/S\u00e3o Jo\u00e3o do Cariri; PB-250 \u2013 BR-412\/Prata\/Ouro Velho\/Divisa de Pernambuco; PB-238 \u2013 Teixeira\/Desterro\/Tapero\u00e1 e PB-238 \u2013 S\u00e3o Sebasti\u00e3o do Umbuzeiro.<\/p>\n<p>Est\u00e3o previstos servi\u00e7os de tapa buraco com pr\u00e9-misturado a frio (PMF), ro\u00e7ada mec\u00e2nica, patrolamento, revestimento prim\u00e1rio, reestabiliza\u00e7\u00e3o de base\/tratamento superficial duplo (TSD), sinaliza\u00e7\u00e3o horizontal e vertical e capina em diversas rodovias.<\/p>\n<p>Os servi\u00e7os dar\u00e3o prioridade para as \u00e1reas que apresentarem falhas mais acentuadas como:\u00a0PB-085 \u2013 Sert\u00e3ozinho\/Duas Estradas; PB-025 \u2013 BR-101\/Lucena; Vicinal \u2013 Entroncamento da PB-057\/Povoado Mendon\u00e7a; PB-041 \u2013 Sap\u00e9\/Capim\/BR-101; PB-071 \u2013 BR-101\/Jacara\u00fa\/Divisa da Para\u00edba com o Rio Grande do Norte; PB-066 \u2013 Ing\u00e1\/BR-230; PB-079 \u2013 Areial\/Alagoa Grande; PB-066 \u2013 Mogeiro\/Travessia Urbana; PB-082 \u2013 S\u00e3o F\u00e9lix\/Ju\u00e1\/Taboca; PB-008 \u2013 Jacum\u00e3\/PB-044.<\/p>\n<p>Outros trechos contemplados: PB-103 \u2013 Biliguim\/Dona In\u00eas; PB-087 \u2013 Borborema\/PB-105 (sinaliza\u00e7\u00e3o horizontal e vertical); PB-085 \u2013 Pirpirituba\/Borborema; PB-102 \u2013 BR-104\/Umbuzeiro; PB-082 \u2013 Natuba\/Umbuzeiro; PB-100 \u2013 Galante\/Fagundes; PB-097 \u2013 Alagoa Nova\/Entroncamento da PB-079; PB-095 -Campina Grande\/Serra Redonda\/BR-230 e PB-366 \u2013 Coremas\/S\u00e3o Bento.<\/p>\n<p>&nbsp;<\/p>\n<p>Fonte: Vitrine do Cariri<\/p>\n<p>Leia mais not\u00edcias em\u00a0<a href=\"http:\/\/www.caririemacao.com\/\">caririemacao.com<\/a>, siga nossa p\u00e1gina no\u00a0<a href=\"https:\/\/www.facebook.com\/CaririEmAcao\/?ref=aymt_homepage_panel\">Facebook<\/a>,\u00a0<a href=\"https:\/\/www.instagram.com\/cariri_em_acao\/?hl=pt-br\">Instagram<\/a>\u00a0e\u00a0<a href=\"https:\/\/www.youtube.com\/channel\/UCAptA0jQuYQy8vMhLt2m4qg\">Youtube<\/a>\u00a0e veja nossas mat\u00e9rias, v\u00eddeos e fotos. Voc\u00ea tamb\u00e9m pode enviar informa\u00e7\u00f5es \u00e0 Reda\u00e7\u00e3o do Portal Cariri em A\u00e7\u00e3o pelo WhatsApp (83) 9 9634.5791, (83) 9 9601-1162.<\/p>\n","protected":false},"excerpt":{"rendered":"<p>Com a redu\u00e7\u00e3o das chuvas, o Departamento de Estradas de Rodagem da Para\u00edba est\u00e1 dando continuidade \u00e0 Opera\u00e7\u00e3o Tapa Buraco em rodovias da malha estadual&hellip; <\/p>\n","protected":false},"author":1,"featured_media":59771,"comment_status":"closed","ping_status":"closed","sticky":false,"template":"","format":"standard","meta":{"sfsi_plus_gutenberg_text_before_share":"","sfsi_plus_gutenberg_show_text_before_share":"","sfsi_plus_gutenberg_icon_type":"","sfsi_plus_gutenberg_icon_alignemt":"","sfsi_plus_gutenburg_max_per_row":"","footnotes":""},"categories":[6],"tags":[],"class_list":["post-59770","post","type-post","status-publish","format-standard","has-post-thumbnail","hentry","category-cidades"],"_links":{"self":[{"href":"https:\/\/www.caririemacao.com\/1\/wp-json\/wp\/v2\/posts\/59770","targetHints":{"allow":["GET"]}}],"collection":[{"href":"https:\/\/www.caririemacao.com\/1\/wp-json\/wp\/v2\/posts"}],"about":[{"href":"https:\/\/www.caririemacao.com\/1\/wp-json\/wp\/v2\/types\/post"}],"author":[{"embeddable":true,"href":"https:\/\/www.caririemacao.com\/1\/wp-json\/wp\/v2\/users\/1"}],"replies":[{"embeddable":true,"href":"https:\/\/www.caririemacao.com\/1\/wp-json\/wp\/v2\/comments?post=59770"}],"version-history":[{"count":1,"href":"https:\/\/www.caririemacao.com\/1\/wp-json\/wp\/v2\/posts\/59770\/revisions"}],"predecessor-version":[{"id":59772,"href":"https:\/\/www.caririemacao.com\/1\/wp-json\/wp\/v2\/posts\/59770\/revisions\/59772"}],"wp:featuredmedia":[{"embeddable":true,"href":"https:\/\/www.caririemacao.com\/1\/wp-json\/wp\/v2\/media\/59771"}],"wp:attachment":[{"href":"https:\/\/www.caririemacao.com\/1\/wp-json\/wp\/v2\/media?parent=59770"}],"wp:term":[{"taxonomy":"category","embeddable":true,"href":"https:\/\/www.caririemacao.com\/1\/wp-json\/wp\/v2\/categories?post=59770"},{"taxonomy":"post_tag","embeddable":true,"href":"https:\/\/www.caririemacao.com\/1\/wp-json\/wp\/v2\/tags?post=59770"}],"curies":[{"name":"wp","href":"https:\/\/api.w.org\/{rel}","templated":true}]}}