{"id":59781,"date":"2018-08-03T21:57:48","date_gmt":"2018-08-04T00:57:48","guid":{"rendered":"http:\/\/caririemacao.com\/1\/?p=59781"},"modified":"2018-08-03T21:57:48","modified_gmt":"2018-08-04T00:57:48","slug":"veneziano-sugere-dois-nomes-para-vice-governador-na-chapa-de-joao-azevedo","status":"publish","type":"post","link":"https:\/\/www.caririemacao.com\/1\/2018\/08\/03\/veneziano-sugere-dois-nomes-para-vice-governador-na-chapa-de-joao-azevedo\/","title":{"rendered":"Veneziano sugere dois nomes para vice-governador na chapa de Jo\u00e3o Azevedo"},"content":{"rendered":"<p>Ao ser instado a falar sobre qual seria o candidato a vice-governador ideal para Jo\u00e3o Azevedo (PSB), o deputado Veneziano Vital do R\u00eago (PSB), pr\u00e9-candidato a senador, disse que \u201cL\u00edgia Feliciano ou Artur Bolinha\u201d.<\/p>\n<p>\u201cEu, particularmente, defendo um nome de Campina\u201d, situou.<\/p>\n<p>&nbsp;<\/p>\n<p>Fonte: Coluna Aparte\/Foto: Reprodu\u00e7\u00e3o<\/p>\n<p>Leia mais not\u00edcias em\u00a0<a href=\"http:\/\/www.caririemacao.com\/\">caririemacao.com<\/a>, siga nossa p\u00e1gina no\u00a0<a href=\"https:\/\/www.facebook.com\/CaririEmAcao\/?ref=aymt_homepage_panel\">Facebook<\/a>,\u00a0<a href=\"https:\/\/www.instagram.com\/cariri_em_acao\/?hl=pt-br\">Instagram<\/a>\u00a0e\u00a0<a href=\"https:\/\/www.youtube.com\/channel\/UCAptA0jQuYQy8vMhLt2m4qg\">Youtube<\/a>\u00a0e veja nossas mat\u00e9rias, v\u00eddeos e fotos. Voc\u00ea tamb\u00e9m pode enviar informa\u00e7\u00f5es \u00e0 Reda\u00e7\u00e3o do Portal Cariri em A\u00e7\u00e3o pelo WhatsApp (83) 9 9634.5791, (83) 9 9601-1162.<\/p>\n","protected":false},"excerpt":{"rendered":"<p>Ao ser instado a falar sobre qual seria o candidato a vice-governador ideal para Jo\u00e3o Azevedo (PSB), o deputado Veneziano Vital do R\u00eago (PSB), pr\u00e9-candidato&hellip; <\/p>\n","protected":false},"author":1,"featured_media":34645,"comment_status":"closed","ping_status":"closed","sticky":false,"template":"","format":"standard","meta":{"sfsi_plus_gutenberg_text_before_share":"","sfsi_plus_gutenberg_show_text_before_share":"","sfsi_plus_gutenberg_icon_type":"","sfsi_plus_gutenberg_icon_alignemt":"","sfsi_plus_gutenburg_max_per_row":"","footnotes":""},"categories":[1],"tags":[],"class_list":["post-59781","post","type-post","status-publish","format-standard","has-post-thumbnail","hentry","category-o-site"],"_links":{"self":[{"href":"https:\/\/www.caririemacao.com\/1\/wp-json\/wp\/v2\/posts\/59781","targetHints":{"allow":["GET"]}}],"collection":[{"href":"https:\/\/www.caririemacao.com\/1\/wp-json\/wp\/v2\/posts"}],"about":[{"href":"https:\/\/www.caririemacao.com\/1\/wp-json\/wp\/v2\/types\/post"}],"author":[{"embeddable":true,"href":"https:\/\/www.caririemacao.com\/1\/wp-json\/wp\/v2\/users\/1"}],"replies":[{"embeddable":true,"href":"https:\/\/www.caririemacao.com\/1\/wp-json\/wp\/v2\/comments?post=59781"}],"version-history":[{"count":1,"href":"https:\/\/www.caririemacao.com\/1\/wp-json\/wp\/v2\/posts\/59781\/revisions"}],"predecessor-version":[{"id":59782,"href":"https:\/\/www.caririemacao.com\/1\/wp-json\/wp\/v2\/posts\/59781\/revisions\/59782"}],"wp:featuredmedia":[{"embeddable":true,"href":"https:\/\/www.caririemacao.com\/1\/wp-json\/wp\/v2\/media\/34645"}],"wp:attachment":[{"href":"https:\/\/www.caririemacao.com\/1\/wp-json\/wp\/v2\/media?parent=59781"}],"wp:term":[{"taxonomy":"category","embeddable":true,"href":"https:\/\/www.caririemacao.com\/1\/wp-json\/wp\/v2\/categories?post=59781"},{"taxonomy":"post_tag","embeddable":true,"href":"https:\/\/www.caririemacao.com\/1\/wp-json\/wp\/v2\/tags?post=59781"}],"curies":[{"name":"wp","href":"https:\/\/api.w.org\/{rel}","templated":true}]}}