{"id":59786,"date":"2018-08-04T00:12:21","date_gmt":"2018-08-04T03:12:21","guid":{"rendered":"http:\/\/caririemacao.com\/1\/?p=59786"},"modified":"2018-08-04T00:12:21","modified_gmt":"2018-08-04T03:12:21","slug":"martelo-batido-escolhido-o-vice-do-pre-candidato-joao-azevedo","status":"publish","type":"post","link":"https:\/\/www.caririemacao.com\/1\/2018\/08\/04\/martelo-batido-escolhido-o-vice-do-pre-candidato-joao-azevedo\/","title":{"rendered":"MARTELO BATIDO: Escolhido o vice do pr\u00e9-candidato Jo\u00e3o Azevedo"},"content":{"rendered":"<div class=\"titulo\">\n<p>O pr\u00e9-candidato do PSB ao Governo da Para\u00edba, Jo\u00e3o Azev\u00eado, anunciou, na noite desta sexta-feira (3), o nome da vice-governadora L\u00edgia Feliciano (PDT) como sua companheira de chapa nas elei\u00e7\u00f5es deste ano. A pedetista ser\u00e1 apresentada, oficialmente, neste s\u00e1bado (3), durante a conven\u00e7\u00e3o estadual da legenda socialista, que homologar\u00e1 ainda as candidaturas dos deputados federais Veneziano Vital do R\u00eago (PSB) e Luiz Couto ao Senado Federal.<\/p>\n<\/div>\n<div class=\"content\">\n<p>A defini\u00e7\u00e3o do nome de L\u00edgia como vice de Jo\u00e3o aconteceu durante reuni\u00e3o que contou, ainda, com a participa\u00e7\u00e3o do governador Ricardo Coutinho, do deputado federal Dami\u00e3o Feliciano (PDT) e do presidente estadual do PSB na Para\u00edba, Edvaldo Rosas.<\/p>\n<p>Al\u00e9m de anunciar L\u00edgia como sua vice, Jo\u00e3o Azev\u00eado revelou que a pedetista coordenar\u00e1 a campanha da chapa na cidade de Campina Grande. \u201cVamos contar com o trabalho e dedica\u00e7\u00e3o de L\u00edgia na nossa chapa e na coordena\u00e7\u00e3o da campanha em Campina Grande, cidade em que ele tem in\u00fameros servi\u00e7os prestados\u201d, disse.<\/p>\n<p>Jo\u00e3o Azev\u00eado destacou que, ao longo dos \u00faltimos quatros em que esteve exercendo o cargo de vice-governadora, L\u00edgia Feliciano contribuiu de forma decisiva para o sucesso da gest\u00e3o do governador Ricardo Coutinho.<\/p>\n<p>\u201cN\u00e3o tenho a menor d\u00favida do sucesso da nossa chapa. A Para\u00edba vai optar por dar continuidade ao projeto que tem mudado, para melhor, a face deste Estado; agora com Jo\u00e3o, L\u00edgia, Veneziano e Luiz Couto\u201d, enfatizou.<\/p>\n<p>J\u00e1 a vice-governadora L\u00edgia Feliciano destacou a parceria firmada com o governador Ricardo Coutinho, em 2014. \u201cAgora com Jo\u00e3o, vamos dar sequ\u00eancia a esse trabalho reconhecidamente aprovado pela popula\u00e7\u00e3o paraibana\u201d, pontou.<\/p>\n<p style=\"text-align: right;\"><em><strong>Ascom\/Foto:Divulga\u00e7\u00e3o\u00a0<\/strong><\/em><\/p>\n<\/div>\n","protected":false},"excerpt":{"rendered":"<p>O pr\u00e9-candidato do PSB ao Governo da Para\u00edba, Jo\u00e3o Azev\u00eado, anunciou, na noite desta sexta-feira (3), o nome da vice-governadora L\u00edgia Feliciano (PDT) como sua&hellip; <\/p>\n","protected":false},"author":1,"featured_media":59787,"comment_status":"closed","ping_status":"closed","sticky":false,"template":"","format":"standard","meta":{"sfsi_plus_gutenberg_text_before_share":"","sfsi_plus_gutenberg_show_text_before_share":"","sfsi_plus_gutenberg_icon_type":"","sfsi_plus_gutenberg_icon_alignemt":"","sfsi_plus_gutenburg_max_per_row":"","footnotes":""},"categories":[1],"tags":[],"class_list":["post-59786","post","type-post","status-publish","format-standard","has-post-thumbnail","hentry","category-o-site"],"_links":{"self":[{"href":"https:\/\/www.caririemacao.com\/1\/wp-json\/wp\/v2\/posts\/59786","targetHints":{"allow":["GET"]}}],"collection":[{"href":"https:\/\/www.caririemacao.com\/1\/wp-json\/wp\/v2\/posts"}],"about":[{"href":"https:\/\/www.caririemacao.com\/1\/wp-json\/wp\/v2\/types\/post"}],"author":[{"embeddable":true,"href":"https:\/\/www.caririemacao.com\/1\/wp-json\/wp\/v2\/users\/1"}],"replies":[{"embeddable":true,"href":"https:\/\/www.caririemacao.com\/1\/wp-json\/wp\/v2\/comments?post=59786"}],"version-history":[{"count":1,"href":"https:\/\/www.caririemacao.com\/1\/wp-json\/wp\/v2\/posts\/59786\/revisions"}],"predecessor-version":[{"id":59788,"href":"https:\/\/www.caririemacao.com\/1\/wp-json\/wp\/v2\/posts\/59786\/revisions\/59788"}],"wp:featuredmedia":[{"embeddable":true,"href":"https:\/\/www.caririemacao.com\/1\/wp-json\/wp\/v2\/media\/59787"}],"wp:attachment":[{"href":"https:\/\/www.caririemacao.com\/1\/wp-json\/wp\/v2\/media?parent=59786"}],"wp:term":[{"taxonomy":"category","embeddable":true,"href":"https:\/\/www.caririemacao.com\/1\/wp-json\/wp\/v2\/categories?post=59786"},{"taxonomy":"post_tag","embeddable":true,"href":"https:\/\/www.caririemacao.com\/1\/wp-json\/wp\/v2\/tags?post=59786"}],"curies":[{"name":"wp","href":"https:\/\/api.w.org\/{rel}","templated":true}]}}