{"id":59794,"date":"2018-08-04T06:43:16","date_gmt":"2018-08-04T09:43:16","guid":{"rendered":"http:\/\/caririemacao.com\/1\/?p=59794"},"modified":"2018-08-04T06:43:16","modified_gmt":"2018-08-04T09:43:16","slug":"jair-bolsonaro-diz-que-se-eleito-pode-privatizar-petrobras","status":"publish","type":"post","link":"https:\/\/www.caririemacao.com\/1\/2018\/08\/04\/jair-bolsonaro-diz-que-se-eleito-pode-privatizar-petrobras\/","title":{"rendered":"Jair Bolsonaro diz que, se eleito, pode privatizar Petrobras"},"content":{"rendered":"<div class=\"mc-column content-text active-extra-styles active-capital-letter\" data-block-type=\"unstyled\" data-block-weight=\"25\" data-block-id=\"2\">\n<p class=\"content-text__container theme-color-primary-first-letter\" data-track-category=\"Link no Texto\" data-track-links=\"\">O candidato do PSL \u00e0 Presid\u00eancia da Rep\u00fablica,\u00a0Jair Bolsonaro, afirmou nesta sexta-feira (3) que, se eleito, pode privatizar a\u00a0Petrobras\u00a0&#8220;se n\u00e3o tiver solu\u00e7\u00e3o&#8221;.<\/p>\n<\/div>\n<div class=\"wall\">\n<div class=\"mc-column content-text active-extra-styles \" data-block-type=\"unstyled\" data-block-weight=\"34\" data-block-id=\"4\">\n<p class=\"content-text__container \" data-track-category=\"Link no Texto\" data-track-links=\"\">&#8220;Se n\u00e3o tiver uma solu\u00e7\u00e3o, eu sugiro a privatiza\u00e7\u00e3o da Petrobras. Acaba com esse monop\u00f3lio estatal e ponto final. Ent\u00e3o, \u00e9 o recado que eu dou para o pessoal da Petrobras&#8221;, afirmou o candidato.<\/p>\n<\/div>\n<div class=\"mc-column content-text active-extra-styles \" data-block-type=\"unstyled\" data-block-weight=\"36\" data-block-id=\"5\">\n<p class=\"content-text__container \" data-track-category=\"Link no Texto\" data-track-links=\"\">&#8220;Eu entendo que a Petrobras \u00e9 estrat\u00e9gica. Por isso n\u00e3o gostaria de privatizar a Petrobras, esse \u00e9 o sentimento meu. Agora, se n\u00e3o tiver solu\u00e7\u00e3o, n\u00e3o tiver um acordo, voc\u00ea n\u00e3o vai ter outro caminho&#8221;, acrescentou.<\/p>\n<\/div>\n<div class=\"mc-column content-text active-extra-styles \" data-block-type=\"unstyled\" data-block-weight=\"37\" data-block-id=\"6\">\n<p class=\"content-text__container \" data-track-category=\"Link no Texto\" data-track-links=\"\">De acordo com o candidato, se ele for eleito, o economista Paulo Guedes ser\u00e1 o ministro da Fazenda e ter\u00e1 a liberdade para conduzir a pol\u00edtica econ\u00f4mica e ainda escolher, por exemplo, o presidente do Banco Central.<\/p>\n<\/div>\n<\/div>\n<p data-track-category=\"Link no Texto\" data-track-links=\"\">\n<p data-track-category=\"Link no Texto\" data-track-links=\"\">Fonte: G1\/Foto:Reprodu\u00e7\u00e3o<\/p>\n<p data-track-category=\"Link no Texto\" data-track-links=\"\">Leia mais not\u00edcias em\u00a0<a href=\"http:\/\/www.caririemacao.com\/\">caririemacao.com<\/a>, siga nossa p\u00e1gina no\u00a0<a href=\"https:\/\/www.facebook.com\/CaririEmAcao\/?ref=aymt_homepage_panel\">Facebook<\/a>,\u00a0<a href=\"https:\/\/www.instagram.com\/cariri_em_acao\/?hl=pt-br\">Instagram<\/a>\u00a0e\u00a0<a href=\"https:\/\/www.youtube.com\/channel\/UCAptA0jQuYQy8vMhLt2m4qg\">Youtube<\/a>\u00a0e veja nossas mat\u00e9rias, v\u00eddeos e fotos. Voc\u00ea tamb\u00e9m pode enviar informa\u00e7\u00f5es \u00e0 Reda\u00e7\u00e3o do Portal Cariri em A\u00e7\u00e3o pelo WhatsApp (83) 9 9634.5791, (83) 9 9601-1162.<\/p>\n","protected":false},"excerpt":{"rendered":"<p>O candidato do PSL \u00e0 Presid\u00eancia da Rep\u00fablica,\u00a0Jair Bolsonaro, afirmou nesta sexta-feira (3) que, se eleito, pode privatizar a\u00a0Petrobras\u00a0&#8220;se n\u00e3o tiver solu\u00e7\u00e3o&#8221;. &#8220;Se n\u00e3o tiver&hellip; <\/p>\n","protected":false},"author":1,"featured_media":44860,"comment_status":"closed","ping_status":"closed","sticky":false,"template":"","format":"standard","meta":{"sfsi_plus_gutenberg_text_before_share":"","sfsi_plus_gutenberg_show_text_before_share":"","sfsi_plus_gutenberg_icon_type":"","sfsi_plus_gutenberg_icon_alignemt":"","sfsi_plus_gutenburg_max_per_row":"","footnotes":""},"categories":[1],"tags":[],"class_list":["post-59794","post","type-post","status-publish","format-standard","has-post-thumbnail","hentry","category-o-site"],"_links":{"self":[{"href":"https:\/\/www.caririemacao.com\/1\/wp-json\/wp\/v2\/posts\/59794","targetHints":{"allow":["GET"]}}],"collection":[{"href":"https:\/\/www.caririemacao.com\/1\/wp-json\/wp\/v2\/posts"}],"about":[{"href":"https:\/\/www.caririemacao.com\/1\/wp-json\/wp\/v2\/types\/post"}],"author":[{"embeddable":true,"href":"https:\/\/www.caririemacao.com\/1\/wp-json\/wp\/v2\/users\/1"}],"replies":[{"embeddable":true,"href":"https:\/\/www.caririemacao.com\/1\/wp-json\/wp\/v2\/comments?post=59794"}],"version-history":[{"count":1,"href":"https:\/\/www.caririemacao.com\/1\/wp-json\/wp\/v2\/posts\/59794\/revisions"}],"predecessor-version":[{"id":59796,"href":"https:\/\/www.caririemacao.com\/1\/wp-json\/wp\/v2\/posts\/59794\/revisions\/59796"}],"wp:featuredmedia":[{"embeddable":true,"href":"https:\/\/www.caririemacao.com\/1\/wp-json\/wp\/v2\/media\/44860"}],"wp:attachment":[{"href":"https:\/\/www.caririemacao.com\/1\/wp-json\/wp\/v2\/media?parent=59794"}],"wp:term":[{"taxonomy":"category","embeddable":true,"href":"https:\/\/www.caririemacao.com\/1\/wp-json\/wp\/v2\/categories?post=59794"},{"taxonomy":"post_tag","embeddable":true,"href":"https:\/\/www.caririemacao.com\/1\/wp-json\/wp\/v2\/tags?post=59794"}],"curies":[{"name":"wp","href":"https:\/\/api.w.org\/{rel}","templated":true}]}}