{"id":59797,"date":"2018-08-04T08:30:20","date_gmt":"2018-08-04T11:30:20","guid":{"rendered":"http:\/\/caririemacao.com\/1\/?p=59797"},"modified":"2018-08-04T08:34:33","modified_gmt":"2018-08-04T11:34:33","slug":"1a-feira-de-empregabilidade-e-empreendedorismo-pronatec-e-realizada-em-monteiro","status":"publish","type":"post","link":"https:\/\/www.caririemacao.com\/1\/2018\/08\/04\/1a-feira-de-empregabilidade-e-empreendedorismo-pronatec-e-realizada-em-monteiro\/","title":{"rendered":"1\u00aa Feira de Empregabilidade e Empreendedorismo Pronatec \u00e9 realizada em Monteiro"},"content":{"rendered":"<p>30A cidade de Monteiro sediou na noite desta sexta-feira, dia 03 de agosto, a 1\u00b0 Feira de Empregabilidade e Empreendedorismo Pronatec.<\/p>\n<p><img fetchpriority=\"high\" decoding=\"async\" class=\"size-full wp-image-59800 aligncenter\" src=\"http:\/\/caririemacao.com\/1\/wp-content\/uploads\/2018\/08\/DSC_0006.jpg\" alt=\"\" width=\"600\" height=\"400\" srcset=\"https:\/\/www.caririemacao.com\/1\/wp-content\/uploads\/2018\/08\/DSC_0006.jpg 600w, https:\/\/www.caririemacao.com\/1\/wp-content\/uploads\/2018\/08\/DSC_0006-300x200.jpg 300w\" sizes=\"(max-width: 600px) 100vw, 600px\" \/><\/p>\n<p>O evento aconteceu no Clube Municipal de Monteiro e foi promovido pelos alunos do curso de organizador (a) de Eventos do Pronatec, com a coordena\u00e7\u00e3o da professora Leylane Campos.<\/p>\n<p><img decoding=\"async\" class=\"size-full wp-image-59804 aligncenter lazyload\" data-src=\"http:\/\/caririemacao.com\/1\/wp-content\/uploads\/2018\/08\/DSC_0193.jpg\" alt=\"\" width=\"600\" height=\"400\" data-srcset=\"https:\/\/www.caririemacao.com\/1\/wp-content\/uploads\/2018\/08\/DSC_0193.jpg 600w, https:\/\/www.caririemacao.com\/1\/wp-content\/uploads\/2018\/08\/DSC_0193-300x200.jpg 300w\" data-sizes=\"(max-width: 600px) 100vw, 600px\" src=\"data:image\/svg+xml;base64,PHN2ZyB3aWR0aD0iMSIgaGVpZ2h0PSIxIiB4bWxucz0iaHR0cDovL3d3dy53My5vcmcvMjAwMC9zdmciPjwvc3ZnPg==\" style=\"--smush-placeholder-width: 600px; --smush-placeholder-aspect-ratio: 600\/400;\" \/><\/p>\n<p>Durante o evento os alunos vivenciaram na pr\u00e1tica as teorias aprendidas em sala de aula. A Feira apresentou para a comunidade as oportunidades de forma\u00e7\u00e3o profissional oferecidas pelo Pronatec, assim como tamb\u00e9m, divulgou as empresas que surgiram no curso de Micro Empreendedor Individual sob a orienta\u00e7\u00e3o do Professor Jonathan Oriente.<\/p>\n<p><img decoding=\"async\" class=\"size-full wp-image-59808 aligncenter lazyload\" data-src=\"http:\/\/caririemacao.com\/1\/wp-content\/uploads\/2018\/08\/DSC_0091.jpg\" alt=\"\" width=\"600\" height=\"400\" data-srcset=\"https:\/\/www.caririemacao.com\/1\/wp-content\/uploads\/2018\/08\/DSC_0091.jpg 600w, https:\/\/www.caririemacao.com\/1\/wp-content\/uploads\/2018\/08\/DSC_0091-300x200.jpg 300w\" data-sizes=\"(max-width: 600px) 100vw, 600px\" src=\"data:image\/svg+xml;base64,PHN2ZyB3aWR0aD0iMSIgaGVpZ2h0PSIxIiB4bWxucz0iaHR0cDovL3d3dy53My5vcmcvMjAwMC9zdmciPjwvc3ZnPg==\" style=\"--smush-placeholder-width: 600px; --smush-placeholder-aspect-ratio: 600\/400;\" \/><\/p>\n<p>Segundo a aluna Andreza Lima, integrante da organiza\u00e7\u00e3o, o evento contou com muitas novidades, principalmente para aqueles que ainda tinham dificuldades em elaborar um bom curr\u00edculo, para isso, foi disponibilizada uma consultoria gratuita para as pessoas interessadas.<\/p>\n<p><img decoding=\"async\" class=\"size-full wp-image-59807 aligncenter lazyload\" data-src=\"http:\/\/caririemacao.com\/1\/wp-content\/uploads\/2018\/08\/DSC_0130.jpg\" alt=\"\" width=\"600\" height=\"400\" data-srcset=\"https:\/\/www.caririemacao.com\/1\/wp-content\/uploads\/2018\/08\/DSC_0130.jpg 600w, https:\/\/www.caririemacao.com\/1\/wp-content\/uploads\/2018\/08\/DSC_0130-300x200.jpg 300w\" data-sizes=\"(max-width: 600px) 100vw, 600px\" src=\"data:image\/svg+xml;base64,PHN2ZyB3aWR0aD0iMSIgaGVpZ2h0PSIxIiB4bWxucz0iaHR0cDovL3d3dy53My5vcmcvMjAwMC9zdmciPjwvc3ZnPg==\" style=\"--smush-placeholder-width: 600px; --smush-placeholder-aspect-ratio: 600\/400;\" \/><\/p>\n<p>A feira tamb\u00e9m contou com a participa\u00e7\u00e3o da psicopedagoga, coach e palestrante motivacional, Patr\u00edcia Barros, que ministrou uma palestra falando sobre os desafios e as oportunidades que o empreendedorismo oferece em tempos de crise econ\u00f4mica.<\/p>\n<p><img decoding=\"async\" class=\"size-full wp-image-59802 aligncenter lazyload\" data-src=\"http:\/\/caririemacao.com\/1\/wp-content\/uploads\/2018\/08\/DSC_0311.jpg\" alt=\"\" width=\"600\" height=\"400\" data-srcset=\"https:\/\/www.caririemacao.com\/1\/wp-content\/uploads\/2018\/08\/DSC_0311.jpg 600w, https:\/\/www.caririemacao.com\/1\/wp-content\/uploads\/2018\/08\/DSC_0311-300x200.jpg 300w\" data-sizes=\"(max-width: 600px) 100vw, 600px\" src=\"data:image\/svg+xml;base64,PHN2ZyB3aWR0aD0iMSIgaGVpZ2h0PSIxIiB4bWxucz0iaHR0cDovL3d3dy53My5vcmcvMjAwMC9zdmciPjwvc3ZnPg==\" style=\"--smush-placeholder-width: 600px; --smush-placeholder-aspect-ratio: 600\/400;\" \/><\/p>\n<p>Ainda na programa\u00e7\u00e3o, v\u00e1rias empresas puderam expor seus produtos em um bel\u00edssimo desfile no clube municipal. V\u00e1rios modelos mostraram ao p\u00fablico presente os produtos de empresas do munic\u00edpio de monteiro.<\/p>\n<p><img decoding=\"async\" class=\"size-full wp-image-59799 aligncenter lazyload\" data-src=\"http:\/\/caririemacao.com\/1\/wp-content\/uploads\/2018\/08\/DSC_0020.jpg\" alt=\"\" width=\"600\" height=\"400\" data-srcset=\"https:\/\/www.caririemacao.com\/1\/wp-content\/uploads\/2018\/08\/DSC_0020.jpg 600w, https:\/\/www.caririemacao.com\/1\/wp-content\/uploads\/2018\/08\/DSC_0020-300x200.jpg 300w\" data-sizes=\"(max-width: 600px) 100vw, 600px\" src=\"data:image\/svg+xml;base64,PHN2ZyB3aWR0aD0iMSIgaGVpZ2h0PSIxIiB4bWxucz0iaHR0cDovL3d3dy53My5vcmcvMjAwMC9zdmciPjwvc3ZnPg==\" style=\"--smush-placeholder-width: 600px; --smush-placeholder-aspect-ratio: 600\/400;\" \/><\/p>\n<p>A chefe de gabinete da prefeita Anna Lorena, F\u00e1tima Souza, esteve representando a prefeita e falou da import\u00e2ncia da feira e do apoio da Prefeitura de Monteiro, incentivando o empreendedorismo, al\u00e9m de parabenizar toda a equipe organizadora.<\/p>\n<p><img decoding=\"async\" class=\"size-full wp-image-59809 aligncenter lazyload\" data-src=\"http:\/\/caririemacao.com\/1\/wp-content\/uploads\/2018\/08\/DSC_0486.jpg\" alt=\"\" width=\"600\" height=\"400\" data-srcset=\"https:\/\/www.caririemacao.com\/1\/wp-content\/uploads\/2018\/08\/DSC_0486.jpg 600w, https:\/\/www.caririemacao.com\/1\/wp-content\/uploads\/2018\/08\/DSC_0486-300x200.jpg 300w\" data-sizes=\"(max-width: 600px) 100vw, 600px\" src=\"data:image\/svg+xml;base64,PHN2ZyB3aWR0aD0iMSIgaGVpZ2h0PSIxIiB4bWxucz0iaHR0cDovL3d3dy53My5vcmcvMjAwMC9zdmciPjwvc3ZnPg==\" style=\"--smush-placeholder-width: 600px; --smush-placeholder-aspect-ratio: 600\/400;\" \/><\/p>\n<p>No final, as pessoas comemoraram o sucesso do evento ao show do cantor Luan Santos e os Patr\u00f5es do Forr\u00f3.<\/p>\n<p><img decoding=\"async\" class=\"alignnone size-full wp-image-59806 aligncenter lazyload\" data-src=\"http:\/\/caririemacao.com\/1\/wp-content\/uploads\/2018\/08\/DSC_0115.jpg\" alt=\"\" width=\"600\" height=\"400\" data-srcset=\"https:\/\/www.caririemacao.com\/1\/wp-content\/uploads\/2018\/08\/DSC_0115.jpg 600w, https:\/\/www.caririemacao.com\/1\/wp-content\/uploads\/2018\/08\/DSC_0115-300x200.jpg 300w\" data-sizes=\"(max-width: 600px) 100vw, 600px\" src=\"data:image\/svg+xml;base64,PHN2ZyB3aWR0aD0iMSIgaGVpZ2h0PSIxIiB4bWxucz0iaHR0cDovL3d3dy53My5vcmcvMjAwMC9zdmciPjwvc3ZnPg==\" style=\"--smush-placeholder-width: 600px; --smush-placeholder-aspect-ratio: 600\/400;\" \/><\/p>\n<p><img decoding=\"async\" class=\"alignnone size-full wp-image-59805 aligncenter lazyload\" data-src=\"http:\/\/caririemacao.com\/1\/wp-content\/uploads\/2018\/08\/DSC_0189.jpg\" alt=\"\" width=\"600\" height=\"400\" data-srcset=\"https:\/\/www.caririemacao.com\/1\/wp-content\/uploads\/2018\/08\/DSC_0189.jpg 600w, https:\/\/www.caririemacao.com\/1\/wp-content\/uploads\/2018\/08\/DSC_0189-300x200.jpg 300w\" data-sizes=\"(max-width: 600px) 100vw, 600px\" src=\"data:image\/svg+xml;base64,PHN2ZyB3aWR0aD0iMSIgaGVpZ2h0PSIxIiB4bWxucz0iaHR0cDovL3d3dy53My5vcmcvMjAwMC9zdmciPjwvc3ZnPg==\" style=\"--smush-placeholder-width: 600px; --smush-placeholder-aspect-ratio: 600\/400;\" \/><\/p>\n<p><img decoding=\"async\" class=\"alignnone size-full wp-image-59801 aligncenter lazyload\" data-src=\"http:\/\/caririemacao.com\/1\/wp-content\/uploads\/2018\/08\/DSC_0485.jpg\" alt=\"\" width=\"600\" height=\"400\" data-srcset=\"https:\/\/www.caririemacao.com\/1\/wp-content\/uploads\/2018\/08\/DSC_0485.jpg 600w, https:\/\/www.caririemacao.com\/1\/wp-content\/uploads\/2018\/08\/DSC_0485-300x200.jpg 300w\" data-sizes=\"(max-width: 600px) 100vw, 600px\" src=\"data:image\/svg+xml;base64,PHN2ZyB3aWR0aD0iMSIgaGVpZ2h0PSIxIiB4bWxucz0iaHR0cDovL3d3dy53My5vcmcvMjAwMC9zdmciPjwvc3ZnPg==\" style=\"--smush-placeholder-width: 600px; --smush-placeholder-aspect-ratio: 600\/400;\" \/><\/p>\n<p><img decoding=\"async\" class=\"alignnone size-full wp-image-59803 aligncenter lazyload\" data-src=\"http:\/\/caririemacao.com\/1\/wp-content\/uploads\/2018\/08\/DSC_0046.jpg\" alt=\"\" width=\"600\" height=\"400\" data-srcset=\"https:\/\/www.caririemacao.com\/1\/wp-content\/uploads\/2018\/08\/DSC_0046.jpg 600w, https:\/\/www.caririemacao.com\/1\/wp-content\/uploads\/2018\/08\/DSC_0046-300x200.jpg 300w\" data-sizes=\"(max-width: 600px) 100vw, 600px\" src=\"data:image\/svg+xml;base64,PHN2ZyB3aWR0aD0iMSIgaGVpZ2h0PSIxIiB4bWxucz0iaHR0cDovL3d3dy53My5vcmcvMjAwMC9zdmciPjwvc3ZnPg==\" style=\"--smush-placeholder-width: 600px; --smush-placeholder-aspect-ratio: 600\/400;\" \/><\/p>\n<p>VEJA MAIS <a href=\"https:\/\/www.facebook.com\/pg\/CaririEmAcao\/photos\/?tab=album&amp;album_id=1320769088059111\">FOTOS NESTE LINK.<\/a> APROVEITE E CURTA NOSSA <a href=\"https:\/\/www.facebook.com\/CaririEmAcao\/\">P\u00c1GINA NO FACEBOOK.<\/a><\/p>\n<p><a href=\"https:\/\/www.facebook.com\/CaririEmAcao\/\">CURTIR A PAGINA<\/a><\/p>\n<p><a href=\"https:\/\/www.facebook.com\/pg\/CaririEmAcao\/photos\/?tab=album&amp;album_id=1320769088059111\">VER FOTOS DO EVENTO\u00a0<\/a><\/p>\n<p>&nbsp;<\/p>\n","protected":false},"excerpt":{"rendered":"<p>30A cidade de Monteiro sediou na noite desta sexta-feira, dia 03 de agosto, a 1\u00b0 Feira de Empregabilidade e Empreendedorismo Pronatec. O evento aconteceu no&hellip; <\/p>\n","protected":false},"author":2,"featured_media":59798,"comment_status":"closed","ping_status":"closed","sticky":false,"template":"","format":"standard","meta":{"sfsi_plus_gutenberg_text_before_share":"","sfsi_plus_gutenberg_show_text_before_share":"","sfsi_plus_gutenberg_icon_type":"","sfsi_plus_gutenberg_icon_alignemt":"","sfsi_plus_gutenburg_max_per_row":"","footnotes":""},"categories":[6],"tags":[],"class_list":["post-59797","post","type-post","status-publish","format-standard","has-post-thumbnail","hentry","category-cidades"],"_links":{"self":[{"href":"https:\/\/www.caririemacao.com\/1\/wp-json\/wp\/v2\/posts\/59797","targetHints":{"allow":["GET"]}}],"collection":[{"href":"https:\/\/www.caririemacao.com\/1\/wp-json\/wp\/v2\/posts"}],"about":[{"href":"https:\/\/www.caririemacao.com\/1\/wp-json\/wp\/v2\/types\/post"}],"author":[{"embeddable":true,"href":"https:\/\/www.caririemacao.com\/1\/wp-json\/wp\/v2\/users\/2"}],"replies":[{"embeddable":true,"href":"https:\/\/www.caririemacao.com\/1\/wp-json\/wp\/v2\/comments?post=59797"}],"version-history":[{"count":2,"href":"https:\/\/www.caririemacao.com\/1\/wp-json\/wp\/v2\/posts\/59797\/revisions"}],"predecessor-version":[{"id":59816,"href":"https:\/\/www.caririemacao.com\/1\/wp-json\/wp\/v2\/posts\/59797\/revisions\/59816"}],"wp:featuredmedia":[{"embeddable":true,"href":"https:\/\/www.caririemacao.com\/1\/wp-json\/wp\/v2\/media\/59798"}],"wp:attachment":[{"href":"https:\/\/www.caririemacao.com\/1\/wp-json\/wp\/v2\/media?parent=59797"}],"wp:term":[{"taxonomy":"category","embeddable":true,"href":"https:\/\/www.caririemacao.com\/1\/wp-json\/wp\/v2\/categories?post=59797"},{"taxonomy":"post_tag","embeddable":true,"href":"https:\/\/www.caririemacao.com\/1\/wp-json\/wp\/v2\/tags?post=59797"}],"curies":[{"name":"wp","href":"https:\/\/api.w.org\/{rel}","templated":true}]}}