{"id":59818,"date":"2018-08-04T16:40:28","date_gmt":"2018-08-04T19:40:28","guid":{"rendered":"http:\/\/caririemacao.com\/1\/?p=59818"},"modified":"2018-08-04T16:40:28","modified_gmt":"2018-08-04T19:40:28","slug":"imprensa-nacional-chama-cartaxo-de-desumano","status":"publish","type":"post","link":"https:\/\/www.caririemacao.com\/1\/2018\/08\/04\/imprensa-nacional-chama-cartaxo-de-desumano\/","title":{"rendered":"Imprensa nacional chama Cartaxo de desumano"},"content":{"rendered":"<p>A viol\u00eancia utilizada pela Prefeitura Municipal de Jo\u00e3o (PMJP) para desalojar 150 fam\u00edlias de sem tetos no bairro Colinas do Sul, na periferia da capital paraibana, ganhou repercuss\u00e3o nacional, neste final de semana. Reportagem publicada pelo site Brasil de Fato denuncia que agentes da Guarda Municipal usaram e pistola spray de pimenta para expulsar o grupo.<\/p>\n<p>\u201cO uso da viol\u00eancia n\u00e3o respeitou mulheres, idosos, crian\u00e7as e at\u00e9 gestantes. A aus\u00eancia de qualquer tipo de mandado judicial caracterizou o abuso de autoridade implementado pelos agentes da Secretaria de Desenvolvimento Urbano (Sedurb), da Prefeitura Municipal de Jo\u00e3o Pessoa\u201d, diz trecho da reportagem.<\/p>\n<p>A mat\u00e9ria traz relatos comoventes de v\u00edtimas da viol\u00eancia empregada pela gest\u00e3o do prefeito Luciano Cartaxo (PV). \u201cEu tenho 6 filhos. Eles chegaram j\u00e1 derrubando tudo, quebrando tudo, levando tudo, sem respeitar ningu\u00e9m, sem dizer nada, sem mostrar nenhuma ordem, nem nada e j\u00e1 sa\u00edram assim derrubando tudo a\u00ed, com crian\u00e7as no meio, idoso, deficiente. Eu n\u00e3o tenho onde morar, vou construir de novo, no mesmo lugar.\u201d, conta David, que est\u00e1 no acampamento e garante resistir.<\/p>\n<p>\u201cEles vieram aqui, n\u00e3o perguntou e nem pediu licen\u00e7a, n\u00e3o quis nem saber se tinha crian\u00e7a, se tinha doente, se tinha idoso, nada, j\u00e1 veio empurrando, derrubando os barracos da gente, isso \u00e9 uma injusti\u00e7a, cad\u00ea os direitos humanos? A\u00ed tempo de elei\u00e7\u00e3o, vem aqui pedir voto. Bora levantar nossos barracos porque aqui n\u00e3o \u00e9 invas\u00e3o n\u00e3o, aqui \u00e9 ocupa\u00e7\u00e3o porque a gente precisa! Ent\u00e3o os direitos humanos, imprensa tem que todo mundo vim aqui para ver tamb\u00e9m porque a gente n\u00e3o tem dinheiro, a\u00ed eles v\u00eam aqui e derrubam, mas se a gente tivesse dinheiro, eles n\u00e3o derrubavam n\u00e3o. Isso \u00e9 errado, isso \u00e9 uma injusti\u00e7a, viu!\u201d, desabafou a jovem Val\u00e9ria, que sonha com o direito de ter um lar.<\/p>\n<p>A reportagem conta que a indigna\u00e7\u00e3o com a a\u00e7\u00e3o violenta da PMJP foi un\u00e2nime. \u201cAqui tem mais de 100 fam\u00edlias, com crian\u00e7a, com beb\u00ea, gr\u00e1vida, tem pessoa deficiente, sem moradia e a gente se juntou em grupo para poder arrumar um canto para morar, porque \u00e9 dessa forma que se tem alguma moradia, porque se n\u00e3o fizer assim n\u00f3s n\u00e3o conseguimos nada, porque o povo que t\u00e1 l\u00e1 no poder se esquece dos pobres, os pobres est\u00e3o aqui sofrendo, passando dificuldades, sem moradia, uns jogados para casa de fam\u00edlia de um lado para outro, e a gente quer \u00e9 moradia para os pobres, que n\u00e3o t\u00eam aonde ficar\u201d, explicou Irm\u00e3 Netas, uma das moradoras da ocupa\u00e7\u00e3o.<\/p>\n<p style=\"text-align: right;\"><strong><em>Ti\u00e3o Lucena\/Foto: Reprodu\u00e7\u00e3o\u00a0\u00a0<\/em><\/strong><\/p>\n","protected":false},"excerpt":{"rendered":"<p>A viol\u00eancia utilizada pela Prefeitura Municipal de Jo\u00e3o (PMJP) para desalojar 150 fam\u00edlias de sem tetos no bairro Colinas do Sul, na periferia da capital&hellip; <\/p>\n","protected":false},"author":1,"featured_media":59819,"comment_status":"closed","ping_status":"closed","sticky":false,"template":"","format":"standard","meta":{"sfsi_plus_gutenberg_text_before_share":"","sfsi_plus_gutenberg_show_text_before_share":"","sfsi_plus_gutenberg_icon_type":"","sfsi_plus_gutenberg_icon_alignemt":"","sfsi_plus_gutenburg_max_per_row":"","footnotes":""},"categories":[2],"tags":[],"class_list":["post-59818","post","type-post","status-publish","format-standard","has-post-thumbnail","hentry","category-geral"],"_links":{"self":[{"href":"https:\/\/www.caririemacao.com\/1\/wp-json\/wp\/v2\/posts\/59818","targetHints":{"allow":["GET"]}}],"collection":[{"href":"https:\/\/www.caririemacao.com\/1\/wp-json\/wp\/v2\/posts"}],"about":[{"href":"https:\/\/www.caririemacao.com\/1\/wp-json\/wp\/v2\/types\/post"}],"author":[{"embeddable":true,"href":"https:\/\/www.caririemacao.com\/1\/wp-json\/wp\/v2\/users\/1"}],"replies":[{"embeddable":true,"href":"https:\/\/www.caririemacao.com\/1\/wp-json\/wp\/v2\/comments?post=59818"}],"version-history":[{"count":1,"href":"https:\/\/www.caririemacao.com\/1\/wp-json\/wp\/v2\/posts\/59818\/revisions"}],"predecessor-version":[{"id":59820,"href":"https:\/\/www.caririemacao.com\/1\/wp-json\/wp\/v2\/posts\/59818\/revisions\/59820"}],"wp:featuredmedia":[{"embeddable":true,"href":"https:\/\/www.caririemacao.com\/1\/wp-json\/wp\/v2\/media\/59819"}],"wp:attachment":[{"href":"https:\/\/www.caririemacao.com\/1\/wp-json\/wp\/v2\/media?parent=59818"}],"wp:term":[{"taxonomy":"category","embeddable":true,"href":"https:\/\/www.caririemacao.com\/1\/wp-json\/wp\/v2\/categories?post=59818"},{"taxonomy":"post_tag","embeddable":true,"href":"https:\/\/www.caririemacao.com\/1\/wp-json\/wp\/v2\/tags?post=59818"}],"curies":[{"name":"wp","href":"https:\/\/api.w.org\/{rel}","templated":true}]}}