{"id":59821,"date":"2018-08-04T16:44:55","date_gmt":"2018-08-04T19:44:55","guid":{"rendered":"http:\/\/caririemacao.com\/1\/?p=59821"},"modified":"2018-08-04T16:44:55","modified_gmt":"2018-08-04T19:44:55","slug":"deputado-estadual-deixa-base-do-governo-na-alpb","status":"publish","type":"post","link":"https:\/\/www.caririemacao.com\/1\/2018\/08\/04\/deputado-estadual-deixa-base-do-governo-na-alpb\/","title":{"rendered":"Deputado estadual deixa base do Governo na ALPB"},"content":{"rendered":"<p>O deputado estadual, Galego Souza (PP), participou ontem do an\u00fancio do seu partido a pr\u00e9-candidatura de Luc\u00e9lio Cartaxo e revelou ao\u00a0Blog do Bruno Lira, que est\u00e1 fora da base do Governo da Assembleia Legislativa da Para\u00edba.<\/p>\n<p>O que teria provocado a sa\u00edda do parlamentar da base governista seria a falta de prestigio na sua cidade, S\u00e3o Bento e na regi\u00e3o.<\/p>\n<p>\u201cEu estava com o Governo mas o Governo n\u00e3o estava comigo\u201d, Disse Galego.<\/p>\n<p>Galego Souza tem uma rela\u00e7\u00e3o de muita proximidade com a fam\u00edlia Ribeiro e participou na ultima quinta-feira (2), da Conven\u00e7\u00e3o Nacional do Progressistas ocorrida em Bras\u00edlia.<\/p>\n<p style=\"text-align: right;\"><strong><em>Blog do Bruno Lira\/Foto:Reprodu\u00e7\u00e3o<\/em>\u00a0<\/strong><\/p>\n","protected":false},"excerpt":{"rendered":"<p>O deputado estadual, Galego Souza (PP), participou ontem do an\u00fancio do seu partido a pr\u00e9-candidatura de Luc\u00e9lio Cartaxo e revelou ao\u00a0Blog do Bruno Lira, que&hellip; <\/p>\n","protected":false},"author":1,"featured_media":59822,"comment_status":"closed","ping_status":"closed","sticky":false,"template":"","format":"standard","meta":{"sfsi_plus_gutenberg_text_before_share":"","sfsi_plus_gutenberg_show_text_before_share":"","sfsi_plus_gutenberg_icon_type":"","sfsi_plus_gutenberg_icon_alignemt":"","sfsi_plus_gutenburg_max_per_row":"","footnotes":""},"categories":[11],"tags":[],"class_list":["post-59821","post","type-post","status-publish","format-standard","has-post-thumbnail","hentry","category-politica"],"_links":{"self":[{"href":"https:\/\/www.caririemacao.com\/1\/wp-json\/wp\/v2\/posts\/59821","targetHints":{"allow":["GET"]}}],"collection":[{"href":"https:\/\/www.caririemacao.com\/1\/wp-json\/wp\/v2\/posts"}],"about":[{"href":"https:\/\/www.caririemacao.com\/1\/wp-json\/wp\/v2\/types\/post"}],"author":[{"embeddable":true,"href":"https:\/\/www.caririemacao.com\/1\/wp-json\/wp\/v2\/users\/1"}],"replies":[{"embeddable":true,"href":"https:\/\/www.caririemacao.com\/1\/wp-json\/wp\/v2\/comments?post=59821"}],"version-history":[{"count":1,"href":"https:\/\/www.caririemacao.com\/1\/wp-json\/wp\/v2\/posts\/59821\/revisions"}],"predecessor-version":[{"id":59823,"href":"https:\/\/www.caririemacao.com\/1\/wp-json\/wp\/v2\/posts\/59821\/revisions\/59823"}],"wp:featuredmedia":[{"embeddable":true,"href":"https:\/\/www.caririemacao.com\/1\/wp-json\/wp\/v2\/media\/59822"}],"wp:attachment":[{"href":"https:\/\/www.caririemacao.com\/1\/wp-json\/wp\/v2\/media?parent=59821"}],"wp:term":[{"taxonomy":"category","embeddable":true,"href":"https:\/\/www.caririemacao.com\/1\/wp-json\/wp\/v2\/categories?post=59821"},{"taxonomy":"post_tag","embeddable":true,"href":"https:\/\/www.caririemacao.com\/1\/wp-json\/wp\/v2\/tags?post=59821"}],"curies":[{"name":"wp","href":"https:\/\/api.w.org\/{rel}","templated":true}]}}