{"id":59827,"date":"2018-08-04T16:49:47","date_gmt":"2018-08-04T19:49:47","guid":{"rendered":"http:\/\/caririemacao.com\/1\/?p=59827"},"modified":"2018-08-04T16:49:47","modified_gmt":"2018-08-04T19:49:47","slug":"mdb-pb-muda-o-local-da-convencao-neste-domingo","status":"publish","type":"post","link":"https:\/\/www.caririemacao.com\/1\/2018\/08\/04\/mdb-pb-muda-o-local-da-convencao-neste-domingo\/","title":{"rendered":"MDB\/PB muda o local da conven\u00e7\u00e3o neste domingo"},"content":{"rendered":"<p>A conven\u00e7\u00e3o do MDB foi transferida do \u00b4Pa\u00e7o dos Le\u00f5es\u00b4 para o Esporte Clube Cabo Branco, em Jo\u00e3o Pessoa.<\/p>\n<p>Os discursos dever\u00e3o ter in\u00edcio no come\u00e7o da tarde deste domingo.<\/p>\n<p>*fonte: coluna Aparte, com o jornalista Arimat\u00e9a Souza.<\/p>\n<p style=\"text-align: right;\"><em><strong>Paraibaonline<\/strong><strong>\/Foto: Leonardo Silva<\/strong><\/em><\/p>\n","protected":false},"excerpt":{"rendered":"<p>A conven\u00e7\u00e3o do MDB foi transferida do \u00b4Pa\u00e7o dos Le\u00f5es\u00b4 para o Esporte Clube Cabo Branco, em Jo\u00e3o Pessoa. Os discursos dever\u00e3o ter in\u00edcio no&hellip; <\/p>\n","protected":false},"author":1,"featured_media":59828,"comment_status":"closed","ping_status":"closed","sticky":false,"template":"","format":"standard","meta":{"sfsi_plus_gutenberg_text_before_share":"","sfsi_plus_gutenberg_show_text_before_share":"","sfsi_plus_gutenberg_icon_type":"","sfsi_plus_gutenberg_icon_alignemt":"","sfsi_plus_gutenburg_max_per_row":"","footnotes":""},"categories":[2],"tags":[],"class_list":["post-59827","post","type-post","status-publish","format-standard","has-post-thumbnail","hentry","category-geral"],"_links":{"self":[{"href":"https:\/\/www.caririemacao.com\/1\/wp-json\/wp\/v2\/posts\/59827","targetHints":{"allow":["GET"]}}],"collection":[{"href":"https:\/\/www.caririemacao.com\/1\/wp-json\/wp\/v2\/posts"}],"about":[{"href":"https:\/\/www.caririemacao.com\/1\/wp-json\/wp\/v2\/types\/post"}],"author":[{"embeddable":true,"href":"https:\/\/www.caririemacao.com\/1\/wp-json\/wp\/v2\/users\/1"}],"replies":[{"embeddable":true,"href":"https:\/\/www.caririemacao.com\/1\/wp-json\/wp\/v2\/comments?post=59827"}],"version-history":[{"count":1,"href":"https:\/\/www.caririemacao.com\/1\/wp-json\/wp\/v2\/posts\/59827\/revisions"}],"predecessor-version":[{"id":59829,"href":"https:\/\/www.caririemacao.com\/1\/wp-json\/wp\/v2\/posts\/59827\/revisions\/59829"}],"wp:featuredmedia":[{"embeddable":true,"href":"https:\/\/www.caririemacao.com\/1\/wp-json\/wp\/v2\/media\/59828"}],"wp:attachment":[{"href":"https:\/\/www.caririemacao.com\/1\/wp-json\/wp\/v2\/media?parent=59827"}],"wp:term":[{"taxonomy":"category","embeddable":true,"href":"https:\/\/www.caririemacao.com\/1\/wp-json\/wp\/v2\/categories?post=59827"},{"taxonomy":"post_tag","embeddable":true,"href":"https:\/\/www.caririemacao.com\/1\/wp-json\/wp\/v2\/tags?post=59827"}],"curies":[{"name":"wp","href":"https:\/\/api.w.org\/{rel}","templated":true}]}}