{"id":59830,"date":"2018-08-04T16:53:01","date_gmt":"2018-08-04T19:53:01","guid":{"rendered":"http:\/\/caririemacao.com\/1\/?p=59830"},"modified":"2018-08-04T17:41:40","modified_gmt":"2018-08-04T20:41:40","slug":"ligia-revela-motivo-de-aceitar-ser-pre-candidata-a-vice-na-chapa-de-joao-pra-pb-avancar-ano-apos-ano","status":"publish","type":"post","link":"https:\/\/www.caririemacao.com\/1\/2018\/08\/04\/ligia-revela-motivo-de-aceitar-ser-pre-candidata-a-vice-na-chapa-de-joao-pra-pb-avancar-ano-apos-ano\/","title":{"rendered":"L\u00edgia revela motivo de aceitar ser pr\u00e9-candidata a vice na chapa de Jo\u00e3o, \u201cpra PB avan\u00e7ar ano ap\u00f3s ano\u201d"},"content":{"rendered":"<p>A vice-governadora da Para\u00edba, L\u00edgia Feliciano (PDT), neste s\u00e1bado (04), usou suas redes sociais para explicar o motivo que levou a desistir de sua pr\u00e9-candidatura ao governo do estado para se juntar \u00e0 chapa socialista, encabe\u00e7ada pelo ex-secret\u00e1rio Jo\u00e3o Azev\u00eado (PSB).<\/p>\n<div>\n<p>\u201cPra Para\u00edba continuar avan\u00e7ando, temos que tomar decis\u00f5es importantes. Unir for\u00e7as para evitar retrocessos, \u00e9 fundamental neste momento. Ouvi as paraibanas e os paraibanos nos \u00faltimos meses, sei exatamente onde est\u00e3o as necessidades\u201d, declarou.<\/p>\n<p>Ainda de acordo com L\u00edgia, ao lado de Jo\u00e3o, o grupo deve \u201cgarantir mais avan\u00e7os para o nosso estado t\u00e3o querido, que merece continuar crescendo ano ap\u00f3s ano! Aceitei continuar sendo vice-governadora, pra trabalhar ainda mais com o povo e para o povo\u201d.<\/p>\n<p style=\"text-align: right;\"><strong><em>paraibaJa\/Foto:Interne<\/em>t<\/strong><\/p>\n<\/div>\n","protected":false},"excerpt":{"rendered":"<p>A vice-governadora da Para\u00edba, L\u00edgia Feliciano (PDT), neste s\u00e1bado (04), usou suas redes sociais para explicar o motivo que levou a desistir de sua pr\u00e9-candidatura&hellip; <\/p>\n","protected":false},"author":1,"featured_media":59787,"comment_status":"closed","ping_status":"closed","sticky":false,"template":"","format":"standard","meta":{"sfsi_plus_gutenberg_text_before_share":"","sfsi_plus_gutenberg_show_text_before_share":"","sfsi_plus_gutenberg_icon_type":"","sfsi_plus_gutenberg_icon_alignemt":"","sfsi_plus_gutenburg_max_per_row":"","footnotes":""},"categories":[11],"tags":[],"class_list":["post-59830","post","type-post","status-publish","format-standard","has-post-thumbnail","hentry","category-politica"],"_links":{"self":[{"href":"https:\/\/www.caririemacao.com\/1\/wp-json\/wp\/v2\/posts\/59830","targetHints":{"allow":["GET"]}}],"collection":[{"href":"https:\/\/www.caririemacao.com\/1\/wp-json\/wp\/v2\/posts"}],"about":[{"href":"https:\/\/www.caririemacao.com\/1\/wp-json\/wp\/v2\/types\/post"}],"author":[{"embeddable":true,"href":"https:\/\/www.caririemacao.com\/1\/wp-json\/wp\/v2\/users\/1"}],"replies":[{"embeddable":true,"href":"https:\/\/www.caririemacao.com\/1\/wp-json\/wp\/v2\/comments?post=59830"}],"version-history":[{"count":1,"href":"https:\/\/www.caririemacao.com\/1\/wp-json\/wp\/v2\/posts\/59830\/revisions"}],"predecessor-version":[{"id":59831,"href":"https:\/\/www.caririemacao.com\/1\/wp-json\/wp\/v2\/posts\/59830\/revisions\/59831"}],"wp:featuredmedia":[{"embeddable":true,"href":"https:\/\/www.caririemacao.com\/1\/wp-json\/wp\/v2\/media\/59787"}],"wp:attachment":[{"href":"https:\/\/www.caririemacao.com\/1\/wp-json\/wp\/v2\/media?parent=59830"}],"wp:term":[{"taxonomy":"category","embeddable":true,"href":"https:\/\/www.caririemacao.com\/1\/wp-json\/wp\/v2\/categories?post=59830"},{"taxonomy":"post_tag","embeddable":true,"href":"https:\/\/www.caririemacao.com\/1\/wp-json\/wp\/v2\/tags?post=59830"}],"curies":[{"name":"wp","href":"https:\/\/api.w.org\/{rel}","templated":true}]}}