{"id":59832,"date":"2018-08-04T16:55:23","date_gmt":"2018-08-04T19:55:23","guid":{"rendered":"http:\/\/caririemacao.com\/1\/?p=59832"},"modified":"2018-08-04T16:55:23","modified_gmt":"2018-08-04T19:55:23","slug":"partidos-da-paraiba-realizam-convencoes-neste-fim-de-semana-saiba-mais","status":"publish","type":"post","link":"https:\/\/www.caririemacao.com\/1\/2018\/08\/04\/partidos-da-paraiba-realizam-convencoes-neste-fim-de-semana-saiba-mais\/","title":{"rendered":"Partidos da Para\u00edba realizam conven\u00e7\u00f5es neste fim de semana; saiba mais"},"content":{"rendered":"<p>Este final de semana ser\u00e1 de muitas conven\u00e7\u00f5es partid\u00e1rias em Jo\u00e3o Pessoa, local escolhido pela maioria das legendas para anunciar ou apenas oficializar seus apoios nas elei\u00e7\u00f5es deste ano.<\/p>\n<p>Confira datas, hor\u00e1rios e locais:<\/p>\n<p><strong>4 de agosto<\/strong><\/p>\n<p><strong>Patriotas<\/strong><\/p>\n<p>O partido Patriotas far\u00e1 sua conven\u00e7\u00e3o entre as 9h e 13h no Cabo Branco Atl\u00e2ntico Hotel, situado na orla do Cabo Branco, n\u00famero 4550. Na ocasi\u00e3o, ser\u00e3o anunciados os postulantes aos cargos de deputados federais e estaduais. Nomes como os de Janduhy Carneiro e Walber Virgolino ser\u00e3o formalizados.<br \/>\n<strong><br \/>\n<\/strong><\/p>\n<p><strong>Avante<\/strong><\/p>\n<p>Ser\u00e1 realizada \u00e0s 9h, na Avenida Goi\u00e1s, no bairro dos Estados.<\/p>\n<p><strong>PSB<\/strong><\/p>\n<p>A chapa encabe\u00e7ada por Jo\u00e3o Azevedo ser\u00e1 homologada na conven\u00e7\u00e3o do partido no pr\u00f3ximo s\u00e1bado (4) a partir das 14h no Forrock. O ato oficializar\u00e1 as candidaturas de Jo\u00e3o para Governador, L\u00edgia Feliciano para Vice, Veneziano Vital do R\u00eago e Luiz Couto, ao Senado Federal, e dos postulantes a mandatos na Assembleia Legislativa da Para\u00edba e a C\u00e2mara dos Deputados.<\/p>\n<p><strong>5 de agosto<\/strong><\/p>\n<p><strong>PSD, PV e PSDB<\/strong><\/p>\n<p>O PSD vai realizar a sua conven\u00e7\u00e3o em conjunto com o PV e PSDB, no Clube \u00c1strea, em Jo\u00e3o Pessoa. O encontro ser\u00e1 a partir das 10h. A data marca o lan\u00e7amento oficial das pr\u00e9-candidaturas de Luc\u00e9lio Cartaxo (PV) a governador, Micheline Rodrigues (PSDB) vice e C\u00e1ssio Cunha Lima (PSDB) para senador.<\/p>\n<p><strong>MDB<\/strong><\/p>\n<p>O senador Jos\u00e9 Maranh\u00e3o lan\u00e7ar\u00e1 sua candidatura ao governo da Para\u00edba durante a conven\u00e7\u00e3o no Pa\u00e7o dos Le\u00f5es, no bairro Altiplano, em Jo\u00e3o Pessoa, \u00e0s 10h. As chapas proporcionais para deputado estadual e federal tamb\u00e9m ser\u00e3o anunciadas na conven\u00e7\u00e3o.<\/p>\n<p><strong>PTB<\/strong><\/p>\n<p>O Partido Trabalhista Brasileiro (PTB) vai realizar a conven\u00e7\u00e3o estadual no pr\u00f3ximo domingo (5), para referendar as candidaturas a deputado estadual, federal, al\u00e9m das coliga\u00e7\u00f5es e alian\u00e7as para as elei\u00e7\u00f5es deste ano. O encontro acontece \u00e0s 10h, no Versailles Recep\u00e7\u00f5es, na Avenida S\u00e3o Paulo, 1255, no Bairro dos Estados, na Capital.<\/p>\n<p><strong>PT<\/strong><br \/>\nSede do partido, na rua Irineu Joffilly, 127, no bairro de Jaguaribe.<\/p>\n<p style=\"text-align: right;\"><em><strong>TER\/Foto:internet<\/strong><\/em><\/p>\n","protected":false},"excerpt":{"rendered":"<p>Este final de semana ser\u00e1 de muitas conven\u00e7\u00f5es partid\u00e1rias em Jo\u00e3o Pessoa, local escolhido pela maioria das legendas para anunciar ou apenas oficializar seus apoios&hellip; <\/p>\n","protected":false},"author":1,"featured_media":50394,"comment_status":"closed","ping_status":"closed","sticky":false,"template":"","format":"standard","meta":{"sfsi_plus_gutenberg_text_before_share":"","sfsi_plus_gutenberg_show_text_before_share":"","sfsi_plus_gutenberg_icon_type":"","sfsi_plus_gutenberg_icon_alignemt":"","sfsi_plus_gutenburg_max_per_row":"","footnotes":""},"categories":[2],"tags":[],"class_list":["post-59832","post","type-post","status-publish","format-standard","has-post-thumbnail","hentry","category-geral"],"_links":{"self":[{"href":"https:\/\/www.caririemacao.com\/1\/wp-json\/wp\/v2\/posts\/59832","targetHints":{"allow":["GET"]}}],"collection":[{"href":"https:\/\/www.caririemacao.com\/1\/wp-json\/wp\/v2\/posts"}],"about":[{"href":"https:\/\/www.caririemacao.com\/1\/wp-json\/wp\/v2\/types\/post"}],"author":[{"embeddable":true,"href":"https:\/\/www.caririemacao.com\/1\/wp-json\/wp\/v2\/users\/1"}],"replies":[{"embeddable":true,"href":"https:\/\/www.caririemacao.com\/1\/wp-json\/wp\/v2\/comments?post=59832"}],"version-history":[{"count":1,"href":"https:\/\/www.caririemacao.com\/1\/wp-json\/wp\/v2\/posts\/59832\/revisions"}],"predecessor-version":[{"id":59833,"href":"https:\/\/www.caririemacao.com\/1\/wp-json\/wp\/v2\/posts\/59832\/revisions\/59833"}],"wp:featuredmedia":[{"embeddable":true,"href":"https:\/\/www.caririemacao.com\/1\/wp-json\/wp\/v2\/media\/50394"}],"wp:attachment":[{"href":"https:\/\/www.caririemacao.com\/1\/wp-json\/wp\/v2\/media?parent=59832"}],"wp:term":[{"taxonomy":"category","embeddable":true,"href":"https:\/\/www.caririemacao.com\/1\/wp-json\/wp\/v2\/categories?post=59832"},{"taxonomy":"post_tag","embeddable":true,"href":"https:\/\/www.caririemacao.com\/1\/wp-json\/wp\/v2\/tags?post=59832"}],"curies":[{"name":"wp","href":"https:\/\/api.w.org\/{rel}","templated":true}]}}