{"id":59834,"date":"2018-08-04T16:59:25","date_gmt":"2018-08-04T19:59:25","guid":{"rendered":"http:\/\/caririemacao.com\/1\/?p=59834"},"modified":"2018-08-04T16:59:25","modified_gmt":"2018-08-04T19:59:25","slug":"pmn-lanca-sumeense-como-pre-candidato-a-deputado-estadual","status":"publish","type":"post","link":"https:\/\/www.caririemacao.com\/1\/2018\/08\/04\/pmn-lanca-sumeense-como-pre-candidato-a-deputado-estadual\/","title":{"rendered":"PMN lan\u00e7a sumeense como pr\u00e9-candidato a deputado estadual"},"content":{"rendered":"<p>O Partido da Mobiliza\u00e7\u00e3o Nacional lan\u00e7ou na tarde deste s\u00e1bado, dia 04, na capital Jo\u00e3o Pessoa, o nome do sumeense e empres\u00e1rio Ivandro Produ\u00e7\u00f5es com pr\u00e9-candidato a deputado estadual pelo partido.<\/p>\n<p>O an\u00fancio foi feito durante a conven\u00e7\u00e3o do partido no Forrock em Jo\u00e3o Pessoa.<\/p>\n<p>Ivandro disse ao Cariri em A\u00e7\u00e3o que o munic\u00edpio de Sum\u00e9 tem agora o sumeense que pode representar o munic\u00edpio na Assembleia Legislativa.<\/p>\n<p>&nbsp;<\/p>\n<p style=\"text-align: right;\"><strong><em>Reda\u00e7\u00e3o Cariri em A\u00e7\u00e3o\u00a0<\/em><\/strong><\/p>\n","protected":false},"excerpt":{"rendered":"<p>O Partido da Mobiliza\u00e7\u00e3o Nacional lan\u00e7ou na tarde deste s\u00e1bado, dia 04, na capital Jo\u00e3o Pessoa, o nome do sumeense e empres\u00e1rio Ivandro Produ\u00e7\u00f5es com&hellip; <\/p>\n","protected":false},"author":1,"featured_media":59835,"comment_status":"closed","ping_status":"closed","sticky":false,"template":"","format":"standard","meta":{"sfsi_plus_gutenberg_text_before_share":"","sfsi_plus_gutenberg_show_text_before_share":"","sfsi_plus_gutenberg_icon_type":"","sfsi_plus_gutenberg_icon_alignemt":"","sfsi_plus_gutenburg_max_per_row":"","footnotes":""},"categories":[1],"tags":[],"class_list":["post-59834","post","type-post","status-publish","format-standard","has-post-thumbnail","hentry","category-o-site"],"_links":{"self":[{"href":"https:\/\/www.caririemacao.com\/1\/wp-json\/wp\/v2\/posts\/59834","targetHints":{"allow":["GET"]}}],"collection":[{"href":"https:\/\/www.caririemacao.com\/1\/wp-json\/wp\/v2\/posts"}],"about":[{"href":"https:\/\/www.caririemacao.com\/1\/wp-json\/wp\/v2\/types\/post"}],"author":[{"embeddable":true,"href":"https:\/\/www.caririemacao.com\/1\/wp-json\/wp\/v2\/users\/1"}],"replies":[{"embeddable":true,"href":"https:\/\/www.caririemacao.com\/1\/wp-json\/wp\/v2\/comments?post=59834"}],"version-history":[{"count":1,"href":"https:\/\/www.caririemacao.com\/1\/wp-json\/wp\/v2\/posts\/59834\/revisions"}],"predecessor-version":[{"id":59836,"href":"https:\/\/www.caririemacao.com\/1\/wp-json\/wp\/v2\/posts\/59834\/revisions\/59836"}],"wp:featuredmedia":[{"embeddable":true,"href":"https:\/\/www.caririemacao.com\/1\/wp-json\/wp\/v2\/media\/59835"}],"wp:attachment":[{"href":"https:\/\/www.caririemacao.com\/1\/wp-json\/wp\/v2\/media?parent=59834"}],"wp:term":[{"taxonomy":"category","embeddable":true,"href":"https:\/\/www.caririemacao.com\/1\/wp-json\/wp\/v2\/categories?post=59834"},{"taxonomy":"post_tag","embeddable":true,"href":"https:\/\/www.caririemacao.com\/1\/wp-json\/wp\/v2\/tags?post=59834"}],"curies":[{"name":"wp","href":"https:\/\/api.w.org\/{rel}","templated":true}]}}