{"id":59839,"date":"2018-08-04T17:39:46","date_gmt":"2018-08-04T20:39:46","guid":{"rendered":"http:\/\/caririemacao.com\/1\/?p=59839"},"modified":"2018-08-04T17:39:46","modified_gmt":"2018-08-04T20:39:46","slug":"convencao-do-psb-em-minas-gerais-tem-pancadaria","status":"publish","type":"post","link":"https:\/\/www.caririemacao.com\/1\/2018\/08\/04\/convencao-do-psb-em-minas-gerais-tem-pancadaria\/","title":{"rendered":"Conven\u00e7\u00e3o do PSB em Minas Gerais tem pancadaria"},"content":{"rendered":"<p>A conven\u00e7\u00e3o marcada para este s\u00e1bado (4) para lan\u00e7ar M\u00e1rcio Lacerda (PSB) ao governo do estado de Minas Gerais teve confus\u00e3o quando o deputado J\u00falio Delgado, de ala opositora, chegou ao local para ler decis\u00e3o do TSE (Tribunal Superior Eleitoral) que invalida o encontro.<\/p>\n<p>Aos gritos de golpista, apoiadores e advers\u00e1rios de Lacerda se empurraram e trocaram agress\u00f5es.<\/p>\n<p>Contrariando a decis\u00e3o da dire\u00e7\u00e3o nacional do PSB, o ex-prefeito de Belo Horizonte decidiu\u00a0manter sua candidatura\u00a0e pediu \u00e0 milit\u00e2ncia que comparecesse\u00a0\u00e0 conven\u00e7\u00e3o estadual.<\/p>\n<p>O PSB quer impedir a candidatura de Lacerda para cumprir um acordo com o PT, no qual retira o pessebista da disputa para beneficiar a reelei\u00e7\u00e3o do governador Fernando Pimentel (PT). Em Pernambuco, o PT retirou a candidatura\u00a0\u00a0de Mar\u00edlia\u00a0Arraes\u00a0(PT) para apoiar a reelei\u00e7\u00e3o de Paulo C\u00e2mara (PSB).<\/p>\n<p>Lacerda, no entanto, n\u00e3o aceitou a determina\u00e7\u00e3o do partido e afirmou que ir\u00e1 lutar judicialmente para manter sua candidatura.<br \/>\nO TSE, por\u00e9m, n\u00e3o aceitou a a\u00e7\u00e3o movida por M\u00e1rcio Lacerda (PSB) contra a decis\u00e3o de seu partido de intervir em Minas, nomeando novos dirigentes estaduais com o objetivo de barrar sua candidatura.<\/p>\n<p>Na \u00faltima quarta (1\u00ba), o presidente do PSB, Carlos Siqueira, esteve em Belo Horizonte para comunicar a Lacerda a\u00a0decis\u00e3o do partido\u00a0de retirar sua candidatura e determinar apoio \u00e0 reelei\u00e7\u00e3o de Pimentel<\/p>\n<p style=\"text-align: right;\"><em><strong>Folhapresses\/Foto:Internet<\/strong><\/em><\/p>\n","protected":false},"excerpt":{"rendered":"<p>A conven\u00e7\u00e3o marcada para este s\u00e1bado (4) para lan\u00e7ar M\u00e1rcio Lacerda (PSB) ao governo do estado de Minas Gerais teve confus\u00e3o quando o deputado J\u00falio&hellip; <\/p>\n","protected":false},"author":1,"featured_media":59840,"comment_status":"closed","ping_status":"closed","sticky":false,"template":"","format":"standard","meta":{"sfsi_plus_gutenberg_text_before_share":"","sfsi_plus_gutenberg_show_text_before_share":"","sfsi_plus_gutenberg_icon_type":"","sfsi_plus_gutenberg_icon_alignemt":"","sfsi_plus_gutenburg_max_per_row":"","footnotes":""},"categories":[2],"tags":[],"class_list":["post-59839","post","type-post","status-publish","format-standard","has-post-thumbnail","hentry","category-geral"],"_links":{"self":[{"href":"https:\/\/www.caririemacao.com\/1\/wp-json\/wp\/v2\/posts\/59839","targetHints":{"allow":["GET"]}}],"collection":[{"href":"https:\/\/www.caririemacao.com\/1\/wp-json\/wp\/v2\/posts"}],"about":[{"href":"https:\/\/www.caririemacao.com\/1\/wp-json\/wp\/v2\/types\/post"}],"author":[{"embeddable":true,"href":"https:\/\/www.caririemacao.com\/1\/wp-json\/wp\/v2\/users\/1"}],"replies":[{"embeddable":true,"href":"https:\/\/www.caririemacao.com\/1\/wp-json\/wp\/v2\/comments?post=59839"}],"version-history":[{"count":1,"href":"https:\/\/www.caririemacao.com\/1\/wp-json\/wp\/v2\/posts\/59839\/revisions"}],"predecessor-version":[{"id":59849,"href":"https:\/\/www.caririemacao.com\/1\/wp-json\/wp\/v2\/posts\/59839\/revisions\/59849"}],"wp:featuredmedia":[{"embeddable":true,"href":"https:\/\/www.caririemacao.com\/1\/wp-json\/wp\/v2\/media\/59840"}],"wp:attachment":[{"href":"https:\/\/www.caririemacao.com\/1\/wp-json\/wp\/v2\/media?parent=59839"}],"wp:term":[{"taxonomy":"category","embeddable":true,"href":"https:\/\/www.caririemacao.com\/1\/wp-json\/wp\/v2\/categories?post=59839"},{"taxonomy":"post_tag","embeddable":true,"href":"https:\/\/www.caririemacao.com\/1\/wp-json\/wp\/v2\/tags?post=59839"}],"curies":[{"name":"wp","href":"https:\/\/api.w.org\/{rel}","templated":true}]}}