{"id":59850,"date":"2018-08-04T17:43:28","date_gmt":"2018-08-04T20:43:28","guid":{"rendered":"http:\/\/caririemacao.com\/1\/?p=59850"},"modified":"2018-08-04T17:43:28","modified_gmt":"2018-08-04T20:43:28","slug":"em-convencao-alvaro-dias-diz-que-convidara-moro-para-justica","status":"publish","type":"post","link":"https:\/\/www.caririemacao.com\/1\/2018\/08\/04\/em-convencao-alvaro-dias-diz-que-convidara-moro-para-justica\/","title":{"rendered":"Em conven\u00e7\u00e3o, \u00c1lvaro Dias diz que convidar\u00e1 Moro para Justi\u00e7a"},"content":{"rendered":"<p>Com homenagens \u00e0 Opera\u00e7\u00e3o Lava Jato e \u00e0 \u201cRep\u00fablica de Curitiba\u201d, o candidato do Podemos \u00e0 Presid\u00eancia, senador \u00c1lvaro Dias, anunciou em conven\u00e7\u00e3o nacional que, caso eleito, convidar\u00e1 o juiz federal Sergio Moro para comandar o Minist\u00e9rio da Justi\u00e7a.<\/p>\n<p>\u201c[Moro] \u00c9 o s\u00edmbolo da esperan\u00e7a do povo de reabilitar as institui\u00e7\u00f5es p\u00fablicas destru\u00eddas pela incompet\u00eancia e corrup\u00e7\u00e3o\u201d, afirmou.<br \/>\nA conven\u00e7\u00e3o aconteceu na manh\u00e3 deste s\u00e1bado (4), em Curitiba (PR), com o apoio dos nanicos PSC, do vice Paulo Rabello de Castro, e PRP.<\/p>\n<p>\u201cN\u00e3o anunciaria ningu\u00e9m antecipadamente para compor nosso governo, mas queria prestar homenagem \u00e0 Rep\u00fablica de Curitiba, onde nasce uma nova justi\u00e7a no pa\u00eds\u201d, discursou o senador.<\/p>\n<p>O candidato disse que assume o compromisso da defesa total da Lava Jato, para continuar a \u201climpar\u201d o pa\u00eds.<\/p>\n<p>\u201cVou convocar mais tr\u00eas juristas brasileiros, j\u00e1 os convidei e j\u00e1 aceitaram: Miguel Reale Jr, Modesto Carvalhosa e Rene Dotti. Estamos convocando uma sele\u00e7\u00e3o para derrotar a impunidade.\u201d<\/p>\n<p style=\"text-align: right;\"><em><strong>Folhapresses\/Foto:Internet<\/strong><\/em><\/p>\n","protected":false},"excerpt":{"rendered":"<p>Com homenagens \u00e0 Opera\u00e7\u00e3o Lava Jato e \u00e0 \u201cRep\u00fablica de Curitiba\u201d, o candidato do Podemos \u00e0 Presid\u00eancia, senador \u00c1lvaro Dias, anunciou em conven\u00e7\u00e3o nacional que,&hellip; <\/p>\n","protected":false},"author":1,"featured_media":59851,"comment_status":"closed","ping_status":"closed","sticky":false,"template":"","format":"standard","meta":{"sfsi_plus_gutenberg_text_before_share":"","sfsi_plus_gutenberg_show_text_before_share":"","sfsi_plus_gutenberg_icon_type":"","sfsi_plus_gutenberg_icon_alignemt":"","sfsi_plus_gutenburg_max_per_row":"","footnotes":""},"categories":[2],"tags":[],"class_list":["post-59850","post","type-post","status-publish","format-standard","has-post-thumbnail","hentry","category-geral"],"_links":{"self":[{"href":"https:\/\/www.caririemacao.com\/1\/wp-json\/wp\/v2\/posts\/59850","targetHints":{"allow":["GET"]}}],"collection":[{"href":"https:\/\/www.caririemacao.com\/1\/wp-json\/wp\/v2\/posts"}],"about":[{"href":"https:\/\/www.caririemacao.com\/1\/wp-json\/wp\/v2\/types\/post"}],"author":[{"embeddable":true,"href":"https:\/\/www.caririemacao.com\/1\/wp-json\/wp\/v2\/users\/1"}],"replies":[{"embeddable":true,"href":"https:\/\/www.caririemacao.com\/1\/wp-json\/wp\/v2\/comments?post=59850"}],"version-history":[{"count":1,"href":"https:\/\/www.caririemacao.com\/1\/wp-json\/wp\/v2\/posts\/59850\/revisions"}],"predecessor-version":[{"id":59852,"href":"https:\/\/www.caririemacao.com\/1\/wp-json\/wp\/v2\/posts\/59850\/revisions\/59852"}],"wp:featuredmedia":[{"embeddable":true,"href":"https:\/\/www.caririemacao.com\/1\/wp-json\/wp\/v2\/media\/59851"}],"wp:attachment":[{"href":"https:\/\/www.caririemacao.com\/1\/wp-json\/wp\/v2\/media?parent=59850"}],"wp:term":[{"taxonomy":"category","embeddable":true,"href":"https:\/\/www.caririemacao.com\/1\/wp-json\/wp\/v2\/categories?post=59850"},{"taxonomy":"post_tag","embeddable":true,"href":"https:\/\/www.caririemacao.com\/1\/wp-json\/wp\/v2\/tags?post=59850"}],"curies":[{"name":"wp","href":"https:\/\/api.w.org\/{rel}","templated":true}]}}