{"id":59853,"date":"2018-08-04T17:44:59","date_gmt":"2018-08-04T20:44:59","guid":{"rendered":"http:\/\/caririemacao.com\/1\/?p=59853"},"modified":"2018-08-04T17:44:59","modified_gmt":"2018-08-04T20:44:59","slug":"pps-define-apoio-a-candidatura-de-geraldo-alckmin","status":"publish","type":"post","link":"https:\/\/www.caririemacao.com\/1\/2018\/08\/04\/pps-define-apoio-a-candidatura-de-geraldo-alckmin\/","title":{"rendered":"PPS define apoio \u00e0 candidatura de Geraldo Alckmin"},"content":{"rendered":"<p>No primeiro compromisso do dia em que ser\u00e1 oficializado candidato do PSDB \u00e0 Presid\u00eancia, o ex-governador de S\u00e3o Paulo Geraldo Alckmin recebeu o apoio do PPS, que se reuniu em conven\u00e7\u00e3o nacional neste s\u00e1bado (4). O partido decidiu compor a coliga\u00e7\u00e3o do tucano por unanimidade.<\/p>\n<p>No encontro, Alckmin minimizou o fato de o PPS n\u00e3o apoiar o candidato do PSDB em S\u00e3o Paulo, Jo\u00e3o Doria. No estado, o partido fechou alian\u00e7a com M\u00e1rcio Fran\u00e7a (PSB), vice de Alckmin que assumiu o governo neste ano.<\/p>\n<p>\u201cCada estado tem uma realidade pr\u00f3pria, isso n\u00e3o ocorre s\u00f3 em S\u00e3o Paulo, isso ocorre em muitos estados. H\u00e1 partidos que apoiam o PSDB no estado e n\u00e3o me apoiam. Isso \u00e9 uma realidade da federa\u00e7\u00e3o e do multipartidarismo brasileiro\u201d, afirmou.<br \/>\nSobre a escolha da senadora Ana Am\u00e9lia (PP) para compor sua chapa como vice, o tucano afirmou que a senadora representa o novo.<\/p>\n<p>\u201c[A escolha] contempla hoje o que h\u00e1 de mais importante, que \u00e9 o empoderamento das mulheres. A luta das mulheres n\u00e3o \u00e9 s\u00f3 das mulheres, \u00e9 de todos n\u00f3s. A sociedade melhora quando temos participa\u00e7\u00e3o das mulheres\u201d, disse.<\/p>\n<p style=\"text-align: right;\"><em><strong>Folhapresses\/Foto:Internet<\/strong><\/em><\/p>\n","protected":false},"excerpt":{"rendered":"<p>No primeiro compromisso do dia em que ser\u00e1 oficializado candidato do PSDB \u00e0 Presid\u00eancia, o ex-governador de S\u00e3o Paulo Geraldo Alckmin recebeu o apoio do&hellip; <\/p>\n","protected":false},"author":1,"featured_media":59854,"comment_status":"closed","ping_status":"closed","sticky":false,"template":"","format":"standard","meta":{"sfsi_plus_gutenberg_text_before_share":"","sfsi_plus_gutenberg_show_text_before_share":"","sfsi_plus_gutenberg_icon_type":"","sfsi_plus_gutenberg_icon_alignemt":"","sfsi_plus_gutenburg_max_per_row":"","footnotes":""},"categories":[1],"tags":[],"class_list":["post-59853","post","type-post","status-publish","format-standard","has-post-thumbnail","hentry","category-o-site"],"_links":{"self":[{"href":"https:\/\/www.caririemacao.com\/1\/wp-json\/wp\/v2\/posts\/59853","targetHints":{"allow":["GET"]}}],"collection":[{"href":"https:\/\/www.caririemacao.com\/1\/wp-json\/wp\/v2\/posts"}],"about":[{"href":"https:\/\/www.caririemacao.com\/1\/wp-json\/wp\/v2\/types\/post"}],"author":[{"embeddable":true,"href":"https:\/\/www.caririemacao.com\/1\/wp-json\/wp\/v2\/users\/1"}],"replies":[{"embeddable":true,"href":"https:\/\/www.caririemacao.com\/1\/wp-json\/wp\/v2\/comments?post=59853"}],"version-history":[{"count":1,"href":"https:\/\/www.caririemacao.com\/1\/wp-json\/wp\/v2\/posts\/59853\/revisions"}],"predecessor-version":[{"id":59855,"href":"https:\/\/www.caririemacao.com\/1\/wp-json\/wp\/v2\/posts\/59853\/revisions\/59855"}],"wp:featuredmedia":[{"embeddable":true,"href":"https:\/\/www.caririemacao.com\/1\/wp-json\/wp\/v2\/media\/59854"}],"wp:attachment":[{"href":"https:\/\/www.caririemacao.com\/1\/wp-json\/wp\/v2\/media?parent=59853"}],"wp:term":[{"taxonomy":"category","embeddable":true,"href":"https:\/\/www.caririemacao.com\/1\/wp-json\/wp\/v2\/categories?post=59853"},{"taxonomy":"post_tag","embeddable":true,"href":"https:\/\/www.caririemacao.com\/1\/wp-json\/wp\/v2\/tags?post=59853"}],"curies":[{"name":"wp","href":"https:\/\/api.w.org\/{rel}","templated":true}]}}