{"id":59856,"date":"2018-08-04T17:47:11","date_gmt":"2018-08-04T20:47:11","guid":{"rendered":"http:\/\/caririemacao.com\/1\/?p=59856"},"modified":"2018-08-04T17:47:11","modified_gmt":"2018-08-04T20:47:11","slug":"com-alfinetada-ao-psdb-marina-silva-oficializa-candidatura-pela-terceira-vez","status":"publish","type":"post","link":"https:\/\/www.caririemacao.com\/1\/2018\/08\/04\/com-alfinetada-ao-psdb-marina-silva-oficializa-candidatura-pela-terceira-vez\/","title":{"rendered":"Com alfinetada ao PSDB, Marina Silva oficializa candidatura pela terceira vez"},"content":{"rendered":"<p>A Rede confirmou neste s\u00e1bado (4) a candidatura de Marina Silva ao Planalto pela terceira vez. A ex-senadora j\u00e1 disputou a Presid\u00eancia em em 2010 e 2014, mas n\u00e3o conseguiu chegar ao segundo turno.<\/p>\n<p>Batizada de \u201cUnidos para Transformar o Brasil\u201d, a chapa \u00e9 composta por Marina e o ex-deputado Eduardo Jorge (PV).<\/p>\n<p>Em Bras\u00edlia, a conven\u00e7\u00e3o contou com a presen\u00e7a de pol\u00edticos, militantes e do ator Marcos Palmeira, mestre de cerim\u00f4nias.<\/p>\n<p>\u201cEle foi eleito o segundo homem mais bonito, s\u00f3 depois de mim\u201d, brincou o porta-voz da Rede e coordenador de campanha Pedro Ivo Batista, ao abrir o evento.<\/p>\n<p>Ap\u00f3s duas horas de espera por caravanas de apoiadores sa\u00eddas de S\u00e3o Paulo e do Mato Grosso, Marina Silva e seu vice sa\u00edram do camarim para o palco sob aplausos.<\/p>\n<p>Organizados com camisetas verdes, laranjas e amarelas, se organizaram nas arquibancadas. O primeiro a falar foi o pastor Levi Ara\u00fajo. \u201cH\u00e1 esperan\u00e7a para o estado laico, para os que acreditam em separa\u00e7\u00e3o da Constitui\u00e7\u00e3o e da b\u00edblia. Constitui\u00e7\u00e3o \u00e9 uma coisa, b\u00edblia \u00e9 outra\u201d, afirmou.<\/p>\n<p>Depois, um grupo de mulheres puxou a presidenci\u00e1vel e o vice para o palco para dan\u00e7ar ao som de \u201cMulher Rendeira\u201d. Se seguiram performances e dan\u00e7as variadas.<\/p>\n<p>Al\u00e9m de Eduardo, o presidente do PV, Jos\u00e9 Luiz Penna, compareceu \u00e0 conven\u00e7\u00e3o. Penna, que \u00e9 ligado ao pr\u00e9-candidato Geraldo Alckmin (PSDB) foi vencido pelo grupo que defendia o apoio \u00e0 ex-senadora, e, at\u00e9 ontem, n\u00e3o era presen\u00e7a certa no evento.<\/p>\n<p>A coliga\u00e7\u00e3o foi representada por militantes do PV do Distrito Federal, e uma faixa com os dizeres \u201cMarina Silva + Eduardo Jorge = O Brasil que eu quero\u201d foi colocada embaixo do tel\u00e3o principal.<\/p>\n<p>Al\u00e9m dos verdes, um pessebista tamb\u00e9m compareceu \u00e0 conven\u00e7\u00e3o. O governador do DF, Rodrigo Rollemberg, cujo partido est\u00e1 coligado com Rede e PV na disputa local passou \u201cpara dar um abra\u00e7o na Marina\u201d.<\/p>\n<p>A presidenci\u00e1vel fez gracejo tamb\u00e9m com a apari\u00e7\u00e3o de um tucano na entrada do local da conven\u00e7\u00e3o. Ela disse que a presen\u00e7a do p\u00e1ssaro foi uma homenagem.<\/p>\n<p>\u201cOs tucanos de verdade sabem quem ainda est\u00e1 comprometido com a social-democracia\u201d, afirmou ela, em alfinetada ao PSDB do advers\u00e1rio Geraldo Alckmin.<\/p>\n<p>CL\u00c1USULA DE BARREIRA<br \/>\nNeste pleito, a candidata ter\u00e1 outro desafio al\u00e9m de demonstrar viabilidade na corrida presidencial.<\/p>\n<p>A Rede Sustentabilidade, partido fundado por ela em 2015, passa por sua primeira elei\u00e7\u00e3o geral pressionado pela cl\u00e1usula de barreira aprovada no Congresso em 2017.<\/p>\n<p>A Rede aposta na ex-senadora e na coliga\u00e7\u00e3o tardia com o PV para fazer o n\u00famero m\u00ednimo de votos necess\u00e1rios.<\/p>\n<p>O partido tem que fazer 1,5% dos votos v\u00e1lidos, distribu\u00eddos em ao menos nove estados, ou eleger ao menos um deputado federal em cada um deles para ter acesso aos recursos do fundo partid\u00e1rio e ao tempo de TV.<\/p>\n<p>Hoje, a Rede tem apenas dois deputados federais e um senador.<\/p>\n<p style=\"text-align: right;\"><em><strong>Folhapress\/Foto: Walterson Rosa<\/strong><\/em><\/p>\n","protected":false},"excerpt":{"rendered":"<p>A Rede confirmou neste s\u00e1bado (4) a candidatura de Marina Silva ao Planalto pela terceira vez. A ex-senadora j\u00e1 disputou a Presid\u00eancia em em 2010&hellip; <\/p>\n","protected":false},"author":1,"featured_media":59857,"comment_status":"closed","ping_status":"closed","sticky":false,"template":"","format":"standard","meta":{"sfsi_plus_gutenberg_text_before_share":"","sfsi_plus_gutenberg_show_text_before_share":"","sfsi_plus_gutenberg_icon_type":"","sfsi_plus_gutenberg_icon_alignemt":"","sfsi_plus_gutenburg_max_per_row":"","footnotes":""},"categories":[1],"tags":[],"class_list":["post-59856","post","type-post","status-publish","format-standard","has-post-thumbnail","hentry","category-o-site"],"_links":{"self":[{"href":"https:\/\/www.caririemacao.com\/1\/wp-json\/wp\/v2\/posts\/59856","targetHints":{"allow":["GET"]}}],"collection":[{"href":"https:\/\/www.caririemacao.com\/1\/wp-json\/wp\/v2\/posts"}],"about":[{"href":"https:\/\/www.caririemacao.com\/1\/wp-json\/wp\/v2\/types\/post"}],"author":[{"embeddable":true,"href":"https:\/\/www.caririemacao.com\/1\/wp-json\/wp\/v2\/users\/1"}],"replies":[{"embeddable":true,"href":"https:\/\/www.caririemacao.com\/1\/wp-json\/wp\/v2\/comments?post=59856"}],"version-history":[{"count":1,"href":"https:\/\/www.caririemacao.com\/1\/wp-json\/wp\/v2\/posts\/59856\/revisions"}],"predecessor-version":[{"id":59858,"href":"https:\/\/www.caririemacao.com\/1\/wp-json\/wp\/v2\/posts\/59856\/revisions\/59858"}],"wp:featuredmedia":[{"embeddable":true,"href":"https:\/\/www.caririemacao.com\/1\/wp-json\/wp\/v2\/media\/59857"}],"wp:attachment":[{"href":"https:\/\/www.caririemacao.com\/1\/wp-json\/wp\/v2\/media?parent=59856"}],"wp:term":[{"taxonomy":"category","embeddable":true,"href":"https:\/\/www.caririemacao.com\/1\/wp-json\/wp\/v2\/categories?post=59856"},{"taxonomy":"post_tag","embeddable":true,"href":"https:\/\/www.caririemacao.com\/1\/wp-json\/wp\/v2\/tags?post=59856"}],"curies":[{"name":"wp","href":"https:\/\/api.w.org\/{rel}","templated":true}]}}